{"id":7598,"date":"2026-04-10T15:31:07","date_gmt":"2026-04-10T15:31:07","guid":{"rendered":"https:\/\/www.e-imusica.com\/?p=7598"},"modified":"2026-04-14T11:36:48","modified_gmt":"2026-04-14T11:36:48","slug":"vox-luminis-deslumbra-en-su-gira-por-espana-con-un-programa-de-requiem-barroco-aleman","status":"publish","type":"post","link":"https:\/\/www.e-imusica.com\/en\/vox-luminis-deslumbra-en-su-gira-por-espana-con-un-programa-de-requiem-barroco-aleman\/","title":{"rendered":"Vox Luminis deslumbra en su gira por Espa\u00f1a con un programa de R\u00e9quiem Barroco Alem\u00e1n"},"content":{"rendered":"[et_pb_section fb_built=\u00bb1&#8243; _builder_version=\u00bb4.24.3&#8243; _module_preset=\u00bbdefault\u00bb da_disable_devices=\u00bboff|off|off\u00bb global_colors_info=\u00bb{}\u00bb da_is_popup=\u00bboff\u00bb da_exit_intent=\u00bboff\u00bb da_has_close=\u00bbon\u00bb da_alt_close=\u00bboff\u00bb da_dark_close=\u00bboff\u00bb da_not_modal=\u00bbon\u00bb da_is_singular=\u00bboff\u00bb da_with_loader=\u00bboff\u00bb da_has_shadow=\u00bbon\u00bb][et_pb_row _builder_version=\u00bb4.22.0&#8243; _module_preset=\u00bbdefault\u00bb global_colors_info=\u00bb{}\u00bb][et_pb_column type=\u00bb4_4&#8243; _builder_version=\u00bb4.22.0&#8243; _module_preset=\u00bbdefault\u00bb global_colors_info=\u00bb{}\u00bb][et_pb_post_title meta=\u00bboff\u00bb date_format=\u00bbd\/m\/y\u00bb featured_image=\u00bboff\u00bb _builder_version=\u00bb4.25.0&#8243; _module_preset=\u00bbdefault\u00bb title_font=\u00bbBodoni Moda|600||||on|||\u00bb title_text_align=\u00bbcenter\u00bb title_font_size=\u00bb3vw\u00bb title_letter_spacing=\u00bb-0.5px\u00bb title_line_height=\u00bb1.6em\u00bb meta_text_align=\u00bbcenter\u00bb meta_text_color=\u00bb#000000&#8243; meta_font_size=\u00bb16px\u00bb width=\u00bb80%\u00bb width_tablet=\u00bb100%\u00bb width_phone=\u00bb100%\u00bb width_last_edited=\u00bbon|desktop\u00bb module_alignment=\u00bbcenter\u00bb title_font_size_tablet=\u00bb24px\u00bb title_font_size_phone=\u00bb25px\u00bb title_font_size_last_edited=\u00bbon|phone\u00bb title_line_height_tablet=\u00bb1.6em\u00bb title_line_height_phone=\u00bb1.2em\u00bb title_line_height_last_edited=\u00bbon|phone\u00bb meta_font_size_tablet=\u00bb15px\u00bb meta_font_size_phone=\u00bb15px\u00bb meta_font_size_last_edited=\u00bbon|desktop\u00bb global_colors_info=\u00bb{}\u00bb title_font_size__hover_enabled=\u00bboff|desktop\u00bb][\/et_pb_post_title][\/et_pb_column][\/et_pb_row][et_pb_row column_structure=\u00bb1_2,1_2&#8243; use_custom_gutter=\u00bbon\u00bb gutter_width=\u00bb1&#8243; make_equal=\u00bbon\u00bb _builder_version=\u00bb4.24.3&#8243; _module_preset=\u00bbdefault\u00bb width=\u00bb92%\u00bb width_tablet=\u00bb\u00bb width_phone=\u00bb\u00bb width_last_edited=\u00bbon|phone\u00bb max_width=\u00bb1920px\u00bb module_alignment=\u00bbcenter\u00bb global_colors_info=\u00bb{}\u00bb][et_pb_column type=\u00bb1_2&#8243; _builder_version=\u00bb4.24.3&#8243; _module_preset=\u00bbdefault\u00bb global_colors_info=\u00bb{}\u00bb][et_pb_post_title meta=\u00bboff\u00bb date_format=\u00bbd\/m\/y\u00bb featured_placement=\u00bbabove\u00bb title_tablet=\u00bb\u00bb title_phone=\u00bboff\u00bb title_last_edited=\u00bbon|phone\u00bb _builder_version=\u00bb4.24.3&#8243; _module_preset=\u00bbdefault\u00bb title_font=\u00bb||||||||\u00bb title_text_align=\u00bbleft\u00bb title_text_color=\u00bb#FFFFFF\u00bb title_font_size=\u00bb17px\u00bb title_line_height=\u00bb1.2em\u00bb meta_text_align=\u00bbcenter\u00bb meta_text_color=\u00bb#000000&#8243; meta_font_size=\u00bb16px\u00bb background_color=\u00bb#bcbcbc\u00bb width_tablet=\u00bb100%\u00bb width_phone=\u00bb100%\u00bb width_last_edited=\u00bboff|desktop\u00bb module_alignment=\u00bbcenter\u00bb custom_margin=\u00bb||0px||false|false\u00bb custom_margin_tablet=\u00bb0px||||false|false\u00bb custom_margin_phone=\u00bb\u00bb custom_margin_last_edited=\u00bbon|tablet\u00bb custom_padding=\u00bb10px|70px||10px|false|false\u00bb custom_padding_tablet=\u00bb10px|11px||11px|false|true\u00bb custom_padding_phone=\u00bb7px|7px|0px|7px|false|true\u00bb custom_padding_last_edited=\u00bbon|phone\u00bb title_font_size_tablet=\u00bb24px\u00bb title_font_size_phone=\u00bb20px\u00bb title_font_size_last_edited=\u00bbon|phone\u00bb meta_font_size_tablet=\u00bb15px\u00bb meta_font_size_phone=\u00bb15px\u00bb meta_font_size_last_edited=\u00bbon|desktop\u00bb background_color_phone=\u00bbRGBA(255,255,255,0)\u00bb background_last_edited=\u00bboff|desktop\u00bb background_enable_color_phone=\u00bbon\u00bb global_colors_info=\u00bb{}\u00bb title_font_size__hover_enabled=\u00bboff|desktop\u00bb][\/et_pb_post_title][et_pb_text admin_label=\u00bbcr\u00e9ditos imagen\u00bb _builder_version=\u00bb4.27.6&#8243; _module_preset=\u00bbdefault\u00bb text_text_color=\u00bb#bcbcbc\u00bb background_color=\u00bb#232323&#8243; positioning=\u00bbabsolute\u00bb text_orientation=\u00bbright\u00bb width=\u00bb100%\u00bb custom_margin=\u00bb20px|||22vw|false|false\u00bb custom_margin_tablet=\u00bb17px|||0px|false|false\u00bb custom_margin_phone=\u00bb7px||||false|false\u00bb custom_margin_last_edited=\u00bbon|phone\u00bb custom_padding=\u00bb|30vw||0px|false|false\u00bb custom_padding_tablet=\u00bb|24px||24px|false|true\u00bb custom_padding_phone=\u00bb|11px||11px|false|true\u00bb custom_padding_last_edited=\u00bbon|phone\u00bb hover_enabled=\u00bb0&#8243; text_font_size_tablet=\u00bb\u00bb text_font_size_phone=\u00bb12px\u00bb text_font_size_last_edited=\u00bbon|phone\u00bb text_line_height_tablet=\u00bb\u00bb text_line_height_phone=\u00bb1.5em\u00bb text_line_height_last_edited=\u00bbon|phone\u00bb text_orientation_tablet=\u00bb\u00bb text_orientation_phone=\u00bb\u00bb text_orientation_last_edited=\u00bbon|phone\u00bb global_colors_info=\u00bb{}\u00bb sticky_enabled=\u00bb0&#8243;]<p>\u00a9Miquel Gonz\u00e1lez &#8211; Festival de Peralada<\/p>[\/et_pb_text][\/et_pb_column][et_pb_column type=\u00bb1_2&#8243; _builder_version=\u00bb4.24.3&#8243; _module_preset=\u00bbdefault\u00bb global_colors_info=\u00bb{}\u00bb][et_pb_text disabled_on=\u00bbon|on|off\u00bb admin_label=\u00bbfondo\u00bb _builder_version=\u00bb4.24.3&#8243; _module_preset=\u00bbdefault\u00bb background_color=\u00bb#bcbcbc\u00bb positioning=\u00bbabsolute\u00bb z_index=\u00bb-115&#8243; width=\u00bb108%\u00bb height=\u00bb100%\u00bb custom_margin=\u00bb|||-60px|false|false\u00bb custom_padding=\u00bb20px|||125px|false|false\u00bb global_colors_info=\u00bb{}\u00bb][\/et_pb_text][et_pb_text _builder_version=\u00bb4.27.6&#8243; _module_preset=\u00bbdefault\u00bb text_font=\u00bb|600|||||||\u00bb text_text_color=\u00bb#000000&#8243; text_font_size=\u00bb15px\u00bb text_line_height=\u00bb1.3em\u00bb link_font=\u00bb|600||||on|||\u00bb link_text_align=\u00bbcenter\u00bb link_text_color=\u00bb#E02B20&#8243; link_font_size=\u00bb17px\u00bb link_letter_spacing=\u00bb0.5px\u00bb link_line_height=\u00bb1.1em\u00bb header_3_font=\u00bb||||||||\u00bb header_3_text_align=\u00bbcenter\u00bb header_3_text_color=\u00bb#3f0000&#8243; header_3_line_height=\u00bb1.1em\u00bb header_5_font=\u00bb|700|||||||\u00bb header_5_text_align=\u00bbright\u00bb header_5_text_color=\u00bb#f7f7f7&#8243; header_5_font_size=\u00bb14px\u00bb custom_margin=\u00bb10px||10px|-40px|true|false\u00bb custom_margin_tablet=\u00bb|||0px|true|false\u00bb custom_margin_phone=\u00bb\u00bb custom_margin_last_edited=\u00bbon|tablet\u00bb custom_padding=\u00bb15px|40px|15px|15px|true|false\u00bb custom_padding_tablet=\u00bb20px|25px|20px|25px|true|true\u00bb custom_padding_phone=\u00bb\u00bb custom_padding_last_edited=\u00bbon|tablet\u00bb hover_transition_duration=\u00bb550ms\u00bb background_color_tablet=\u00bb#bcbcbc\u00bb background_color_phone=\u00bb#bcbcbc\u00bb background_last_edited=\u00bbon|phone\u00bb background_enable_color_tablet=\u00bbon\u00bb background_enable_color_phone=\u00bbon\u00bb global_colors_info=\u00bb{}\u00bb link_letter_spacing__hover_enabled=\u00bbon|hover\u00bb link_letter_spacing__hover=\u00bb1px\u00bb link_line_height__hover_enabled=\u00bbon|hover\u00bb link_line_height__hover=\u00bb1.7em\u00bb link_font_size__hover_enabled=\u00bbon|desktop\u00bb link_font_size__hover=\u00bb18px\u00bb]<h3>Vox Luminis regresa a sus or\u00edgenes con un repertorio asombroso<\/h3>\n<p>Nos encontramos a Vox Luminis en toda su esencia primigenia, volviendo a mostrarse como un grupo absolutamente equilibrado, conjuntado, de una belleza extrema en su sonoridad y con una prosodia de la lengua alemana tan natural como inteligible, adem\u00e1s de mostrar la justa expresi\u00f3n de los textos y de la m\u00fasica sin artificios. Cada interpretaci\u00f3n suya fue tan convincente, que transform\u00f3 el concierto en una verdadera comunidad luterana orante, en donde predominaron los pasajes homof\u00f3nicos, tan caracter\u00edsticos de su liturgia.<\/p>\n<h5>\u00a0RITMO| Sim\u00f3n Andueza | 27\/03\/2026<\/h5>\n<p style=\"text-align: center;\"><a href=\"https:\/\/www.ritmo.es\/auditorio\/critica-vox-luminis-regresa-a-sus-origenes-con-un-repertorio-asombroso-por-simon-andueza\" target=\"_blank\" rel=\"noopener\">\u00a0&#8230; leer noticia completa<\/a><\/p>[\/et_pb_text][et_pb_text _builder_version=\u00bb4.27.6&#8243; _module_preset=\u00bbdefault\u00bb text_font=\u00bb|600|||||||\u00bb text_text_color=\u00bb#000000&#8243; text_font_size=\u00bb15px\u00bb text_line_height=\u00bb1.3em\u00bb link_font=\u00bb|600||||on|||\u00bb link_text_align=\u00bbcenter\u00bb link_text_color=\u00bb#E02B20&#8243; link_font_size=\u00bb17px\u00bb link_letter_spacing=\u00bb0.5px\u00bb link_line_height=\u00bb1.1em\u00bb header_3_font=\u00bb||||||||\u00bb header_3_text_align=\u00bbcenter\u00bb header_3_text_color=\u00bb#3f0000&#8243; header_3_line_height=\u00bb1.1em\u00bb header_5_font=\u00bb|700|||||||\u00bb header_5_text_align=\u00bbright\u00bb header_5_text_color=\u00bb#f7f7f7&#8243; header_5_font_size=\u00bb14px\u00bb custom_margin=\u00bb10px||10px|-40px|true|false\u00bb custom_margin_tablet=\u00bb|||0px|true|false\u00bb custom_margin_phone=\u00bb\u00bb custom_margin_last_edited=\u00bbon|tablet\u00bb custom_padding=\u00bb15px|40px|15px|15px|true|false\u00bb custom_padding_tablet=\u00bb20px|25px|20px|25px|true|true\u00bb custom_padding_phone=\u00bb\u00bb custom_padding_last_edited=\u00bbon|tablet\u00bb hover_transition_duration=\u00bb550ms\u00bb background_color_tablet=\u00bb#bcbcbc\u00bb background_color_phone=\u00bb#bcbcbc\u00bb background_last_edited=\u00bbon|phone\u00bb background_enable_color_tablet=\u00bbon\u00bb background_enable_color_phone=\u00bbon\u00bb global_colors_info=\u00bb{}\u00bb link_letter_spacing__hover_enabled=\u00bbon|hover\u00bb link_letter_spacing__hover=\u00bb1px\u00bb link_line_height__hover_enabled=\u00bbon|hover\u00bb link_line_height__hover=\u00bb1.7em\u00bb link_font_size__hover_enabled=\u00bbon|desktop\u00bb link_font_size__hover=\u00bb18px\u00bb]<h3>Vox Luminis, O Vos Omnes y la Franz Schubert Filharmonia ponen el broche al Festival de Pascua en Perelada<\/h3>\n<p>[&#8230;] Vox Luminis exhibi\u00f3 la calidad interpretativa y autoridad estil\u00edstica que lo han convertido en uno de los ensembles de referencia en este repertorio. La profundidad del trabajo tanto en el planteamiento conceptual como en la preparaci\u00f3n musical se evidencia en c\u00f3mo cada uno de sus miembros responde de manera natural y cohesionada al m\u00e1s m\u00ednimo gesto de un Meunier integrado en el coro y, a menudo, en un segundo plano. [&#8230;] <\/p>\n<h5>\u00a0PLATEA MAGAZINE | Antoni Colomer | 08\/06\/2026<\/h5>\n<p style=\"text-align: center;\"><a href=\"https:\/\/www.plateamagazine.com\/criticas\/19894-vox-luminis-o-vos-omnes-y-la-franz-schubert-filharmonia-ponen-el-broche-al-festival-de-pascua-en-perelada\" target=\"_blank\" rel=\"noopener\">\u00a0&#8230; leer noticia completa<\/a><\/p>[\/et_pb_text][\/et_pb_column][\/et_pb_row][\/et_pb_section]","protected":false},"excerpt":{"rendered":"<p>\u00a9Miquel Gonz\u00e1lez &#8211; Festival de PeraladaVox Luminis regresa a sus or\u00edgenes con un repertorio asombroso Nos encontramos a Vox Luminis en toda su esencia primigenia, volviendo a mostrarse como un grupo absolutamente equilibrado, conjuntado, de una belleza extrema en su sonoridad y con una prosodia de la lengua alemana tan natural como inteligible, adem\u00e1s de [&hellip;]<\/p>","protected":false},"author":8,"featured_media":7601,"comment_status":"closed","ping_status":"closed","sticky":false,"template":"","format":"standard","meta":{"_et_pb_use_builder":"on","_et_pb_old_content":"","_et_gb_content_width":"2880","footnotes":""},"categories":[1],"tags":[],"class_list":["post-7598","post","type-post","status-publish","format-standard","has-post-thumbnail","hentry","category-uncategorized"],"yoast_head":"<!-- This site is optimized with the Yoast SEO plugin v27.3 - https:\/\/yoast.com\/product\/yoast-seo-wordpress\/ -->\n<title>Vox Luminis deslumbra en su gira por Espa\u00f1a con un programa de R\u00e9quiem Barroco Alem\u00e1n - imusica<\/title>\n<meta name=\"robots\" content=\"index, follow, max-snippet:-1, max-image-preview:large, max-video-preview:-1\" \/>\n<link rel=\"canonical\" href=\"https:\/\/www.e-imusica.com\/en\/vox-luminis-deslumbra-en-su-gira-por-espana-con-un-programa-de-requiem-barroco-aleman\/\" \/>\n<meta property=\"og:locale\" content=\"en_GB\" \/>\n<meta property=\"og:type\" content=\"article\" \/>\n<meta property=\"og:title\" content=\"Vox Luminis deslumbra en su gira por Espa\u00f1a con un programa de R\u00e9quiem Barroco Alem\u00e1n - imusica\" \/>\n<meta property=\"og:description\" content=\"\u00a9Miquel Gonz\u00e1lez - Festival de PeraladaVox Luminis regresa a sus or\u00edgenes con un repertorio asombroso Nos encontramos a Vox Luminis en toda su esencia primigenia, volviendo a mostrarse como un grupo absolutamente equilibrado, conjuntado, de una belleza extrema en su sonoridad y con una prosodia de la lengua alemana tan natural como inteligible, adem\u00e1s de [&hellip;]\" \/>\n<meta property=\"og:url\" content=\"https:\/\/www.e-imusica.com\/en\/vox-luminis-deslumbra-en-su-gira-por-espana-con-un-programa-de-requiem-barroco-aleman\/\" \/>\n<meta property=\"og:site_name\" content=\"imusica\" \/>\n<meta property=\"article:published_time\" content=\"2026-04-10T15:31:07+00:00\" \/>\n<meta property=\"article:modified_time\" content=\"2026-04-14T11:36:48+00:00\" \/>\n<meta property=\"og:image\" content=\"https:\/\/www.e-imusica.com\/wp-content\/uploads\/2026\/04\/A6A5314-scaled.jpg\" \/>\n\t<meta property=\"og:image:width\" content=\"2560\" \/>\n\t<meta property=\"og:image:height\" content=\"1707\" \/>\n\t<meta property=\"og:image:type\" content=\"image\/jpeg\" \/>\n<meta name=\"author\" content=\"B\u00e1rbara Trejo\" \/>\n<meta name=\"twitter:card\" content=\"summary_large_image\" \/>\n<meta name=\"twitter:label1\" content=\"Written by\" \/>\n\t<meta name=\"twitter:data1\" content=\"B\u00e1rbara Trejo\" \/>\n\t<meta name=\"twitter:label2\" content=\"Estimated reading time\" \/>\n\t<meta name=\"twitter:data2\" content=\"2 minutes\" \/>\n<script type=\"application\/ld+json\" class=\"yoast-schema-graph\">{\"@context\":\"https:\\\/\\\/schema.org\",\"@graph\":[{\"@type\":\"Article\",\"@id\":\"https:\\\/\\\/www.e-imusica.com\\\/en\\\/vox-luminis-deslumbra-en-su-gira-por-espana-con-un-programa-de-requiem-barroco-aleman\\\/#article\",\"isPartOf\":{\"@id\":\"https:\\\/\\\/www.e-imusica.com\\\/en\\\/vox-luminis-deslumbra-en-su-gira-por-espana-con-un-programa-de-requiem-barroco-aleman\\\/\"},\"author\":{\"name\":\"B\u00e1rbara Trejo\",\"@id\":\"https:\\\/\\\/www.e-imusica.com\\\/#\\\/schema\\\/person\\\/8188caf199490748af350a91ec5f069c\"},\"headline\":\"Vox Luminis deslumbra en su gira por Espa\u00f1a con un programa de R\u00e9quiem Barroco Alem\u00e1n\",\"datePublished\":\"2026-04-10T15:31:07+00:00\",\"dateModified\":\"2026-04-14T11:36:48+00:00\",\"mainEntityOfPage\":{\"@id\":\"https:\\\/\\\/www.e-imusica.com\\\/en\\\/vox-luminis-deslumbra-en-su-gira-por-espana-con-un-programa-de-requiem-barroco-aleman\\\/\"},\"wordCount\":1263,\"image\":{\"@id\":\"https:\\\/\\\/www.e-imusica.com\\\/en\\\/vox-luminis-deslumbra-en-su-gira-por-espana-con-un-programa-de-requiem-barroco-aleman\\\/#primaryimage\"},\"thumbnailUrl\":\"https:\\\/\\\/www.e-imusica.com\\\/wp-content\\\/uploads\\\/2026\\\/04\\\/A6A5314-scaled.jpg\",\"articleSection\":[\"Uncategorized\"],\"inLanguage\":\"en-GB\"},{\"@type\":\"WebPage\",\"@id\":\"https:\\\/\\\/www.e-imusica.com\\\/en\\\/vox-luminis-deslumbra-en-su-gira-por-espana-con-un-programa-de-requiem-barroco-aleman\\\/\",\"url\":\"https:\\\/\\\/www.e-imusica.com\\\/en\\\/vox-luminis-deslumbra-en-su-gira-por-espana-con-un-programa-de-requiem-barroco-aleman\\\/\",\"name\":\"Vox Luminis deslumbra en su gira por Espa\u00f1a con un programa de R\u00e9quiem Barroco Alem\u00e1n - imusica\",\"isPartOf\":{\"@id\":\"https:\\\/\\\/www.e-imusica.com\\\/#website\"},\"primaryImageOfPage\":{\"@id\":\"https:\\\/\\\/www.e-imusica.com\\\/en\\\/vox-luminis-deslumbra-en-su-gira-por-espana-con-un-programa-de-requiem-barroco-aleman\\\/#primaryimage\"},\"image\":{\"@id\":\"https:\\\/\\\/www.e-imusica.com\\\/en\\\/vox-luminis-deslumbra-en-su-gira-por-espana-con-un-programa-de-requiem-barroco-aleman\\\/#primaryimage\"},\"thumbnailUrl\":\"https:\\\/\\\/www.e-imusica.com\\\/wp-content\\\/uploads\\\/2026\\\/04\\\/A6A5314-scaled.jpg\",\"datePublished\":\"2026-04-10T15:31:07+00:00\",\"dateModified\":\"2026-04-14T11:36:48+00:00\",\"author\":{\"@id\":\"https:\\\/\\\/www.e-imusica.com\\\/#\\\/schema\\\/person\\\/8188caf199490748af350a91ec5f069c\"},\"breadcrumb\":{\"@id\":\"https:\\\/\\\/www.e-imusica.com\\\/en\\\/vox-luminis-deslumbra-en-su-gira-por-espana-con-un-programa-de-requiem-barroco-aleman\\\/#breadcrumb\"},\"inLanguage\":\"en-GB\",\"potentialAction\":[{\"@type\":\"ReadAction\",\"target\":[\"https:\\\/\\\/www.e-imusica.com\\\/en\\\/vox-luminis-deslumbra-en-su-gira-por-espana-con-un-programa-de-requiem-barroco-aleman\\\/\"]}]},{\"@type\":\"ImageObject\",\"inLanguage\":\"en-GB\",\"@id\":\"https:\\\/\\\/www.e-imusica.com\\\/en\\\/vox-luminis-deslumbra-en-su-gira-por-espana-con-un-programa-de-requiem-barroco-aleman\\\/#primaryimage\",\"url\":\"https:\\\/\\\/www.e-imusica.com\\\/wp-content\\\/uploads\\\/2026\\\/04\\\/A6A5314-scaled.jpg\",\"contentUrl\":\"https:\\\/\\\/www.e-imusica.com\\\/wp-content\\\/uploads\\\/2026\\\/04\\\/A6A5314-scaled.jpg\",\"width\":2560,\"height\":1707},{\"@type\":\"BreadcrumbList\",\"@id\":\"https:\\\/\\\/www.e-imusica.com\\\/en\\\/vox-luminis-deslumbra-en-su-gira-por-espana-con-un-programa-de-requiem-barroco-aleman\\\/#breadcrumb\",\"itemListElement\":[{\"@type\":\"ListItem\",\"position\":1,\"name\":\"Portada\",\"item\":\"https:\\\/\\\/www.e-imusica.com\\\/en\\\/\"},{\"@type\":\"ListItem\",\"position\":2,\"name\":\"Vox Luminis deslumbra en su gira por Espa\u00f1a con un programa de R\u00e9quiem Barroco Alem\u00e1n\"}]},{\"@type\":\"WebSite\",\"@id\":\"https:\\\/\\\/www.e-imusica.com\\\/#website\",\"url\":\"https:\\\/\\\/www.e-imusica.com\\\/\",\"name\":\"Imusica\",\"description\":\"Iniciativas Musicales SL\",\"potentialAction\":[{\"@type\":\"SearchAction\",\"target\":{\"@type\":\"EntryPoint\",\"urlTemplate\":\"https:\\\/\\\/www.e-imusica.com\\\/?s={search_term_string}\"},\"query-input\":{\"@type\":\"PropertyValueSpecification\",\"valueRequired\":true,\"valueName\":\"search_term_string\"}}],\"inLanguage\":\"en-GB\"},{\"@type\":\"Person\",\"@id\":\"https:\\\/\\\/www.e-imusica.com\\\/#\\\/schema\\\/person\\\/8188caf199490748af350a91ec5f069c\",\"name\":\"B\u00e1rbara Trejo\",\"image\":{\"@type\":\"ImageObject\",\"inLanguage\":\"en-GB\",\"@id\":\"https:\\\/\\\/secure.gravatar.com\\\/avatar\\\/d19894c88263bd9071e9153832ac95a57d52cba71c51b94ce690d99d85a44ac5?s=96&d=mm&r=g\",\"url\":\"https:\\\/\\\/secure.gravatar.com\\\/avatar\\\/d19894c88263bd9071e9153832ac95a57d52cba71c51b94ce690d99d85a44ac5?s=96&d=mm&r=g\",\"contentUrl\":\"https:\\\/\\\/secure.gravatar.com\\\/avatar\\\/d19894c88263bd9071e9153832ac95a57d52cba71c51b94ce690d99d85a44ac5?s=96&d=mm&r=g\",\"caption\":\"B\u00e1rbara Trejo\"},\"url\":\"https:\\\/\\\/www.e-imusica.com\\\/en\\\/author\\\/barbara\\\/\"}]}<\/script>\n<!-- \/ Yoast SEO plugin. -->","yoast_head_json":{"title":"Vox Luminis deslumbra en su gira por Espa\u00f1a con un programa de R\u00e9quiem Barroco Alem\u00e1n - imusica","robots":{"index":"index","follow":"follow","max-snippet":"max-snippet:-1","max-image-preview":"max-image-preview:large","max-video-preview":"max-video-preview:-1"},"canonical":"https:\/\/www.e-imusica.com\/en\/vox-luminis-deslumbra-en-su-gira-por-espana-con-un-programa-de-requiem-barroco-aleman\/","og_locale":"en_GB","og_type":"article","og_title":"Vox Luminis deslumbra en su gira por Espa\u00f1a con un programa de R\u00e9quiem Barroco Alem\u00e1n - imusica","og_description":"\u00a9Miquel Gonz\u00e1lez - Festival de PeraladaVox Luminis regresa a sus or\u00edgenes con un repertorio asombroso Nos encontramos a Vox Luminis en toda su esencia primigenia, volviendo a mostrarse como un grupo absolutamente equilibrado, conjuntado, de una belleza extrema en su sonoridad y con una prosodia de la lengua alemana tan natural como inteligible, adem\u00e1s de [&hellip;]","og_url":"https:\/\/www.e-imusica.com\/en\/vox-luminis-deslumbra-en-su-gira-por-espana-con-un-programa-de-requiem-barroco-aleman\/","og_site_name":"imusica","article_published_time":"2026-04-10T15:31:07+00:00","article_modified_time":"2026-04-14T11:36:48+00:00","og_image":[{"width":2560,"height":1707,"url":"https:\/\/www.e-imusica.com\/wp-content\/uploads\/2026\/04\/A6A5314-scaled.jpg","type":"image\/jpeg"}],"author":"B\u00e1rbara Trejo","twitter_card":"summary_large_image","twitter_misc":{"Written by":"B\u00e1rbara Trejo","Estimated reading time":"2 minutes"},"schema":{"@context":"https:\/\/schema.org","@graph":[{"@type":"Article","@id":"https:\/\/www.e-imusica.com\/en\/vox-luminis-deslumbra-en-su-gira-por-espana-con-un-programa-de-requiem-barroco-aleman\/#article","isPartOf":{"@id":"https:\/\/www.e-imusica.com\/en\/vox-luminis-deslumbra-en-su-gira-por-espana-con-un-programa-de-requiem-barroco-aleman\/"},"author":{"name":"B\u00e1rbara Trejo","@id":"https:\/\/www.e-imusica.com\/#\/schema\/person\/8188caf199490748af350a91ec5f069c"},"headline":"Vox Luminis deslumbra en su gira por Espa\u00f1a con un programa de R\u00e9quiem Barroco Alem\u00e1n","datePublished":"2026-04-10T15:31:07+00:00","dateModified":"2026-04-14T11:36:48+00:00","mainEntityOfPage":{"@id":"https:\/\/www.e-imusica.com\/en\/vox-luminis-deslumbra-en-su-gira-por-espana-con-un-programa-de-requiem-barroco-aleman\/"},"wordCount":1263,"image":{"@id":"https:\/\/www.e-imusica.com\/en\/vox-luminis-deslumbra-en-su-gira-por-espana-con-un-programa-de-requiem-barroco-aleman\/#primaryimage"},"thumbnailUrl":"https:\/\/www.e-imusica.com\/wp-content\/uploads\/2026\/04\/A6A5314-scaled.jpg","articleSection":["Uncategorized"],"inLanguage":"en-GB"},{"@type":"WebPage","@id":"https:\/\/www.e-imusica.com\/en\/vox-luminis-deslumbra-en-su-gira-por-espana-con-un-programa-de-requiem-barroco-aleman\/","url":"https:\/\/www.e-imusica.com\/en\/vox-luminis-deslumbra-en-su-gira-por-espana-con-un-programa-de-requiem-barroco-aleman\/","name":"Vox Luminis deslumbra en su gira por Espa\u00f1a con un programa de R\u00e9quiem Barroco Alem\u00e1n - imusica","isPartOf":{"@id":"https:\/\/www.e-imusica.com\/#website"},"primaryImageOfPage":{"@id":"https:\/\/www.e-imusica.com\/en\/vox-luminis-deslumbra-en-su-gira-por-espana-con-un-programa-de-requiem-barroco-aleman\/#primaryimage"},"image":{"@id":"https:\/\/www.e-imusica.com\/en\/vox-luminis-deslumbra-en-su-gira-por-espana-con-un-programa-de-requiem-barroco-aleman\/#primaryimage"},"thumbnailUrl":"https:\/\/www.e-imusica.com\/wp-content\/uploads\/2026\/04\/A6A5314-scaled.jpg","datePublished":"2026-04-10T15:31:07+00:00","dateModified":"2026-04-14T11:36:48+00:00","author":{"@id":"https:\/\/www.e-imusica.com\/#\/schema\/person\/8188caf199490748af350a91ec5f069c"},"breadcrumb":{"@id":"https:\/\/www.e-imusica.com\/en\/vox-luminis-deslumbra-en-su-gira-por-espana-con-un-programa-de-requiem-barroco-aleman\/#breadcrumb"},"inLanguage":"en-GB","potentialAction":[{"@type":"ReadAction","target":["https:\/\/www.e-imusica.com\/en\/vox-luminis-deslumbra-en-su-gira-por-espana-con-un-programa-de-requiem-barroco-aleman\/"]}]},{"@type":"ImageObject","inLanguage":"en-GB","@id":"https:\/\/www.e-imusica.com\/en\/vox-luminis-deslumbra-en-su-gira-por-espana-con-un-programa-de-requiem-barroco-aleman\/#primaryimage","url":"https:\/\/www.e-imusica.com\/wp-content\/uploads\/2026\/04\/A6A5314-scaled.jpg","contentUrl":"https:\/\/www.e-imusica.com\/wp-content\/uploads\/2026\/04\/A6A5314-scaled.jpg","width":2560,"height":1707},{"@type":"BreadcrumbList","@id":"https:\/\/www.e-imusica.com\/en\/vox-luminis-deslumbra-en-su-gira-por-espana-con-un-programa-de-requiem-barroco-aleman\/#breadcrumb","itemListElement":[{"@type":"ListItem","position":1,"name":"Portada","item":"https:\/\/www.e-imusica.com\/en\/"},{"@type":"ListItem","position":2,"name":"Vox Luminis deslumbra en su gira por Espa\u00f1a con un programa de R\u00e9quiem Barroco Alem\u00e1n"}]},{"@type":"WebSite","@id":"https:\/\/www.e-imusica.com\/#website","url":"https:\/\/www.e-imusica.com\/","name":"Imusica","description":"Iniciativas Musicales SL","potentialAction":[{"@type":"SearchAction","target":{"@type":"EntryPoint","urlTemplate":"https:\/\/www.e-imusica.com\/?s={search_term_string}"},"query-input":{"@type":"PropertyValueSpecification","valueRequired":true,"valueName":"search_term_string"}}],"inLanguage":"en-GB"},{"@type":"Person","@id":"https:\/\/www.e-imusica.com\/#\/schema\/person\/8188caf199490748af350a91ec5f069c","name":"B\u00e1rbara Trejo","image":{"@type":"ImageObject","inLanguage":"en-GB","@id":"https:\/\/secure.gravatar.com\/avatar\/d19894c88263bd9071e9153832ac95a57d52cba71c51b94ce690d99d85a44ac5?s=96&d=mm&r=g","url":"https:\/\/secure.gravatar.com\/avatar\/d19894c88263bd9071e9153832ac95a57d52cba71c51b94ce690d99d85a44ac5?s=96&d=mm&r=g","contentUrl":"https:\/\/secure.gravatar.com\/avatar\/d19894c88263bd9071e9153832ac95a57d52cba71c51b94ce690d99d85a44ac5?s=96&d=mm&r=g","caption":"B\u00e1rbara Trejo"},"url":"https:\/\/www.e-imusica.com\/en\/author\/barbara\/"}]}},"_links":{"self":[{"href":"https:\/\/www.e-imusica.com\/en\/wp-json\/wp\/v2\/posts\/7598","targetHints":{"allow":["GET"]}}],"collection":[{"href":"https:\/\/www.e-imusica.com\/en\/wp-json\/wp\/v2\/posts"}],"about":[{"href":"https:\/\/www.e-imusica.com\/en\/wp-json\/wp\/v2\/types\/post"}],"author":[{"embeddable":true,"href":"https:\/\/www.e-imusica.com\/en\/wp-json\/wp\/v2\/users\/8"}],"replies":[{"embeddable":true,"href":"https:\/\/www.e-imusica.com\/en\/wp-json\/wp\/v2\/comments?post=7598"}],"version-history":[{"count":8,"href":"https:\/\/www.e-imusica.com\/en\/wp-json\/wp\/v2\/posts\/7598\/revisions"}],"predecessor-version":[{"id":7649,"href":"https:\/\/www.e-imusica.com\/en\/wp-json\/wp\/v2\/posts\/7598\/revisions\/7649"}],"wp:featuredmedia":[{"embeddable":true,"href":"https:\/\/www.e-imusica.com\/en\/wp-json\/wp\/v2\/media\/7601"}],"wp:attachment":[{"href":"https:\/\/www.e-imusica.com\/en\/wp-json\/wp\/v2\/media?parent=7598"}],"wp:term":[{"taxonomy":"category","embeddable":true,"href":"https:\/\/www.e-imusica.com\/en\/wp-json\/wp\/v2\/categories?post=7598"},{"taxonomy":"post_tag","embeddable":true,"href":"https:\/\/www.e-imusica.com\/en\/wp-json\/wp\/v2\/tags?post=7598"}],"curies":[{"name":"wp","href":"https:\/\/api.w.org\/{rel}","templated":true}]}}