{"id":7139,"date":"2025-07-21T13:52:42","date_gmt":"2025-07-21T13:52:42","guid":{"rendered":"https:\/\/www.e-imusica.com\/?p=7139"},"modified":"2025-12-01T16:25:08","modified_gmt":"2025-12-01T16:25:08","slug":"grandiosa-inauguracion-del-festival-de-menuhin-de-gstaad-con-israel-en-egipto-a-cargo-de-les-arts-florissants","status":"publish","type":"post","link":"http:\/\/www.e-imusica.com\/en\/grandiosa-inauguracion-del-festival-de-menuhin-de-gstaad-con-israel-en-egipto-a-cargo-de-les-arts-florissants\/","title":{"rendered":"Grandiosa inauguraci\u00f3n del Festival de Menuhin de Gstaad con Israel en Egipto, a cargo de Les Arts Florissants"},"content":{"rendered":"<p>[et_pb_section fb_built=\u00bb1&#8243; _builder_version=\u00bb4.24.3&#8243; _module_preset=\u00bbdefault\u00bb da_disable_devices=\u00bboff|off|off\u00bb global_colors_info=\u00bb{}\u00bb da_is_popup=\u00bboff\u00bb da_exit_intent=\u00bboff\u00bb da_has_close=\u00bbon\u00bb da_alt_close=\u00bboff\u00bb da_dark_close=\u00bboff\u00bb da_not_modal=\u00bbon\u00bb da_is_singular=\u00bboff\u00bb da_with_loader=\u00bboff\u00bb da_has_shadow=\u00bbon\u00bb][et_pb_row _builder_version=\u00bb4.22.0&#8243; _module_preset=\u00bbdefault\u00bb global_colors_info=\u00bb{}\u00bb][et_pb_column type=\u00bb4_4&#8243; _builder_version=\u00bb4.22.0&#8243; _module_preset=\u00bbdefault\u00bb global_colors_info=\u00bb{}\u00bb][et_pb_post_title meta=\u00bboff\u00bb date_format=\u00bbd\/m\/y\u00bb featured_image=\u00bboff\u00bb admin_label=\u00bbT\u00edtulo de publicaci\u00f3n\u00bb _builder_version=\u00bb4.25.0&#8243; _module_preset=\u00bbdefault\u00bb title_font=\u00bbBodoni Moda|600||||on|||\u00bb title_text_align=\u00bbcenter\u00bb title_font_size=\u00bb3vw\u00bb title_letter_spacing=\u00bb-0.5px\u00bb title_line_height=\u00bb1.6em\u00bb meta_text_align=\u00bbcenter\u00bb meta_text_color=\u00bb#000000&#8243; meta_font_size=\u00bb16px\u00bb width=\u00bb80%\u00bb width_tablet=\u00bb100%\u00bb width_phone=\u00bb100%\u00bb width_last_edited=\u00bbon|desktop\u00bb module_alignment=\u00bbcenter\u00bb title_font_size_tablet=\u00bb24px\u00bb title_font_size_phone=\u00bb25px\u00bb title_font_size_last_edited=\u00bbon|phone\u00bb title_line_height_tablet=\u00bb1.6em\u00bb title_line_height_phone=\u00bb1.2em\u00bb title_line_height_last_edited=\u00bbon|phone\u00bb meta_font_size_tablet=\u00bb15px\u00bb meta_font_size_phone=\u00bb15px\u00bb meta_font_size_last_edited=\u00bbon|desktop\u00bb global_colors_info=\u00bb{}\u00bb title_font_size__hover_enabled=\u00bboff|desktop\u00bb][\/et_pb_post_title][\/et_pb_column][\/et_pb_row][et_pb_row _builder_version=\u00bb4.27.4&#8243; _module_preset=\u00bbdefault\u00bb background_color=\u00bb#bcbcbc\u00bb global_colors_info=\u00bb{}\u00bb][et_pb_column type=\u00bb4_4&#8243; admin_label=\u00bbColumna\u00bb _builder_version=\u00bb4.27.4&#8243; _module_preset=\u00bbdefault\u00bb global_colors_info=\u00bb{}\u00bb][et_pb_text _builder_version=\u00bb4.27.4&#8243; _module_preset=\u00bbdefault\u00bb text_font=\u00bb|600|||||||\u00bb text_text_color=\u00bb#000000&#8243; text_font_size=\u00bb15px\u00bb text_line_height=\u00bb1.3em\u00bb header_font=\u00bb|600|||||||\u00bb header_text_color=\u00bb#000000&#8243; header_font_size=\u00bb15px\u00bb header_line_height=\u00bb1.3em\u00bb custom_margin=\u00bb20px|20px|20px|20px|true|true\u00bb global_colors_info=\u00bb{}\u00bb]<\/p>\n<p style=\"text-align: center;\">\u00abDesde los primeros compases, Christie marc\u00f3 un tono vibrante, entreg\u00e1ndose f\u00edsicamente a la m\u00fasica, impulsando las cuerdas y extrayendo una intensa energ\u00eda del coro y la orquesta, formados por m\u00e1s de 60 m\u00fasicos. El resultado: un paisaje sonoro din\u00e1mico y cargado de emoci\u00f3n que convirti\u00f3 la obra maestra coral de H\u00e4ndel en un viaje inolvidable de exilio y esperanza\u00bb<\/p>\n<p>[\/et_pb_text][et_pb_text _builder_version=\u00bb4.27.4&#8243; _module_preset=\u00bbdefault\u00bb text_font=\u00bb|600|||||||\u00bb text_text_color=\u00bb#000000&#8243; text_font_size=\u00bb15px\u00bb text_line_height=\u00bb1.3em\u00bb header_font=\u00bb|600|||||||\u00bb header_text_color=\u00bb#000000&#8243; header_font_size=\u00bb15px\u00bb header_line_height=\u00bb1.3em\u00bb custom_margin=\u00bb20px|20px|20px|20px|true|true\u00bb global_colors_info=\u00bb{}\u00bb]<\/p>\n<p style=\"text-align: center;\">\u00abFrom the opening bars, Christie set a high vibrational tone\u2014physically throwing himself into the music, driving the strings forward, and drawing intense energy from the more than 60-strong choir and orchestra. The result: a dynamic, emotionally charged soundscape that turned Handel\u2019s choral masterpiece into an unforgettable journey of exile and hope.\u00bb<\/p>\n<p>[\/et_pb_text][et_pb_text _builder_version=\u00bb4.27.4&#8243; _module_preset=\u00bbdefault\u00bb text_font=\u00bb|600|||||||\u00bb text_text_color=\u00bb#000000&#8243; text_font_size=\u00bb15px\u00bb text_line_height=\u00bb1.3em\u00bb link_font=\u00bb|600||||on|||\u00bb link_text_align=\u00bbcenter\u00bb link_text_color=\u00bb#E02B20&#8243; link_font_size=\u00bb17px\u00bb link_letter_spacing=\u00bb0.5px\u00bb link_line_height=\u00bb1.1em\u00bb header_3_font=\u00bb||||||||\u00bb header_3_text_align=\u00bbcenter\u00bb header_3_text_color=\u00bb#3f0000&#8243; header_3_line_height=\u00bb1.1em\u00bb header_5_font=\u00bb|700|||||||\u00bb header_5_text_align=\u00bbright\u00bb header_5_text_color=\u00bb#f7f7f7&#8243; header_5_font_size=\u00bb14px\u00bb width=\u00bb94.7%\u00bb custom_margin=\u00bb10px||10px|29px|true|false\u00bb custom_margin_tablet=\u00bb|||0px|true|false\u00bb custom_margin_phone=\u00bb|||0px|true|false\u00bb custom_margin_last_edited=\u00bbon|tablet\u00bb custom_padding=\u00bb15px|40px|15px|15px|true|false\u00bb custom_padding_tablet=\u00bb20px|25px|20px|25px|true|true\u00bb custom_padding_phone=\u00bb20px|25px|20px|25px|true|true\u00bb custom_padding_last_edited=\u00bbon|tablet\u00bb hover_transition_duration=\u00bb550ms\u00bb background_color_tablet=\u00bb#bcbcbc\u00bb background_color_phone=\u00bb#bcbcbc\u00bb background_last_edited=\u00bbon|phone\u00bb background_enable_color_tablet=\u00bbon\u00bb background_enable_color_phone=\u00bbon\u00bb global_colors_info=\u00bb{}\u00bb link_letter_spacing__hover_enabled=\u00bbon|hover\u00bb link_letter_spacing__hover=\u00bb1px\u00bb link_line_height__hover_enabled=\u00bbon|hover\u00bb link_line_height__hover=\u00bb1.7em\u00bb link_font_size__hover_enabled=\u00bbon|desktop\u00bb link_font_size__hover=\u00bb18px\u00bb]<\/p>\n<h3>Leer cr\u00edticas<\/h3>\n<p style=\"text-align: center;\"><a href=\"https:\/\/www.gstaadlife.com\/high-vibrations-at-the-gstaad-menuhin-festival-opening\" target=\"_blank\" rel=\"noopener\">gstaadlife<\/a><\/p>\n<p style=\"text-align: center;\"><a href=\"https:\/\/bachtrack.com\/es_ES\/critique-israel-en-egypte-christie-les-arts-florissants-gstaad-menuhin-festival-eglise-saanen-juillet-2025\" target=\"_blank\" rel=\"noopener\">bachtrack<\/a><\/p>\n<p style=\"text-align: center;\"><a href=\"https:\/\/www.forumopera.com\/spectacle\/haendel-israel-in-egypt-par-william-christie-gstaad\/\" target=\"_blank\" rel=\"noopener\">forumopera<\/a><\/p>\n<p style=\"text-align: center;\"><a href=\"https:\/\/www.letemps.ch\/culture\/musiques\/william-christie-au-gstaad-menuhin-festival-j-ai-horreur-des-chefs-qui-se-sentent-plus-importants-que-la-musique\" target=\"_blank\" rel=\"noopener\">letemps<\/a><\/p>\n<p>[\/et_pb_text][et_pb_post_title title=\u00bboff\u00bb meta=\u00bboff\u00bb date_format=\u00bbd\/m\/y\u00bb title_tablet=\u00bb\u00bb title_phone=\u00bboff\u00bb title_last_edited=\u00bbon|phone\u00bb admin_label=\u00bbT\u00edtulo de publicaci\u00f3n\u00bb _builder_version=\u00bb4.27.4&#8243; _module_preset=\u00bbdefault\u00bb title_font=\u00bb||||||||\u00bb title_text_align=\u00bbcenter\u00bb title_text_color=\u00bb#FFFFFF\u00bb title_font_size=\u00bb17px\u00bb title_line_height=\u00bb1.2em\u00bb meta_text_align=\u00bbcenter\u00bb meta_text_color=\u00bb#000000&#8243; meta_font_size=\u00bb16px\u00bb background_color=\u00bbRGBA(255,255,255,0)\u00bb width=\u00bb99.5%\u00bb width_tablet=\u00bb100%\u00bb width_phone=\u00bb100%\u00bb width_last_edited=\u00bboff|desktop\u00bb module_alignment=\u00bbcenter\u00bb height=\u00bb565px\u00bb custom_margin=\u00bb||32px|0px|false|false\u00bb custom_margin_tablet=\u00bb0px||||false|false\u00bb custom_margin_phone=\u00bb\u00bb custom_margin_last_edited=\u00bbon|tablet\u00bb custom_padding=\u00bb10px|68px||67px|false|false\u00bb custom_padding_tablet=\u00bb10px|11px||11px|false|true\u00bb custom_padding_phone=\u00bb7px|7px|0px|7px|false|true\u00bb custom_padding_last_edited=\u00bbon|phone\u00bb title_font_size_tablet=\u00bb24px\u00bb title_font_size_phone=\u00bb20px\u00bb title_font_size_last_edited=\u00bbon|phone\u00bb meta_font_size_tablet=\u00bb15px\u00bb meta_font_size_phone=\u00bb15px\u00bb meta_font_size_last_edited=\u00bbon|desktop\u00bb background_color_phone=\u00bbRGBA(255,255,255,0)\u00bb background_last_edited=\u00bboff|desktop\u00bb background_enable_color_phone=\u00bbon\u00bb global_colors_info=\u00bb{}\u00bb title_font_size__hover_enabled=\u00bboff|desktop\u00bb][\/et_pb_post_title][\/et_pb_column][\/et_pb_row][et_pb_row _builder_version=\u00bb4.27.4&#8243; _module_preset=\u00bbdefault\u00bb background_color=\u00bb#bcbcbc\u00bb height=\u00bb664px\u00bb max_height=\u00bb1000px\u00bb hover_enabled=\u00bb0&#8243; global_colors_info=\u00bb{}\u00bb sticky_enabled=\u00bb0&#8243;][et_pb_column type=\u00bb4_4&#8243; admin_label=\u00bbColumna\u00bb _builder_version=\u00bb4.27.4&#8243; _module_preset=\u00bbdefault\u00bb global_colors_info=\u00bb{}\u00bb][et_pb_image src=\u00bbhttp:\/\/www.e-imusica.com\/wp-content\/uploads\/2025\/08\/RFX_6325-scaled.jpg\u00bb title_text=\u00bbRFX_6325&#8243; show_in_lightbox=\u00bbon\u00bb disabled_on=\u00bboff|off|off\u00bb _builder_version=\u00bb4.27.4&#8243; _module_preset=\u00bbdefault\u00bb overflow-x=\u00bbvisible\u00bb custom_margin=\u00bb25px|70px|25px|70px|false|false\u00bb hover_enabled=\u00bb0&#8243; global_colors_info=\u00bb{}\u00bb sticky_enabled=\u00bb0&#8243;][\/et_pb_image][\/et_pb_column][\/et_pb_row][et_pb_row _builder_version=\u00bb4.27.4&#8243; _module_preset=\u00bbdefault\u00bb background_color=\u00bb#bcbcbc\u00bb height=\u00bb650px\u00bb global_colors_info=\u00bb{}\u00bb][et_pb_column type=\u00bb4_4&#8243; admin_label=\u00bbColumna\u00bb _builder_version=\u00bb4.27.4&#8243; _module_preset=\u00bbdefault\u00bb global_colors_info=\u00bb{}\u00bb][et_pb_image src=\u00bbhttp:\/\/www.e-imusica.com\/wp-content\/uploads\/2025\/08\/DSC_8572-scaled.jpg\u00bb title_text=\u00bbDSC_8572&#8243; _builder_version=\u00bb4.27.4&#8243; _module_preset=\u00bbdefault\u00bb custom_margin=\u00bb25px|70px|25px|70px|false|false\u00bb global_colors_info=\u00bb{}\u00bb][\/et_pb_image][\/et_pb_column][\/et_pb_row][et_pb_row _builder_version=\u00bb4.27.4&#8243; _module_preset=\u00bbdefault\u00bb background_color=\u00bb#bcbcbc\u00bb global_colors_info=\u00bb{}\u00bb][et_pb_column type=\u00bb4_4&#8243; admin_label=\u00bbColumna\u00bb _builder_version=\u00bb4.27.4&#8243; _module_preset=\u00bbdefault\u00bb global_colors_info=\u00bb{}\u00bb][et_pb_image src=\u00bbhttp:\/\/www.e-imusica.com\/wp-content\/uploads\/2025\/08\/RFX_6026-scaled.jpg\u00bb title_text=\u00bbRFX_6026&#8243; _builder_version=\u00bb4.27.4&#8243; _module_preset=\u00bbdefault\u00bb custom_margin=\u00bb25px|70px|25px|70px|false|false\u00bb global_colors_info=\u00bb{}\u00bb][\/et_pb_image][et_pb_text _builder_version=\u00bb4.27.4&#8243; _module_preset=\u00bbdefault\u00bb global_colors_info=\u00bb{}\u00bb]<\/p>\n<p style=\"text-align: center;\">\u00a9Raphael Faux<\/p>\n<p>[\/et_pb_text][\/et_pb_column][\/et_pb_row][\/et_pb_section]<\/p>","protected":false},"excerpt":{"rendered":"<p>\u00abDesde los primeros compases, Christie marc\u00f3 un tono vibrante, entreg\u00e1ndose f\u00edsicamente a la m\u00fasica, impulsando las cuerdas y extrayendo una intensa energ\u00eda del coro y la orquesta, formados por m\u00e1s de 60 m\u00fasicos. El resultado: un paisaje sonoro din\u00e1mico y cargado de emoci\u00f3n que convirti\u00f3 la obra maestra coral de H\u00e4ndel en un viaje inolvidable [&hellip;]<\/p>","protected":false},"author":8,"featured_media":7109,"comment_status":"closed","ping_status":"closed","sticky":false,"template":"","format":"standard","meta":{"_et_pb_use_builder":"on","_et_pb_old_content":"","_et_gb_content_width":"2880","footnotes":""},"categories":[1],"tags":[],"class_list":["post-7139","post","type-post","status-publish","format-standard","has-post-thumbnail","hentry","category-uncategorized"],"yoast_head":"<!-- This site is optimized with the Yoast SEO plugin v27.5 - https:\/\/yoast.com\/product\/yoast-seo-wordpress\/ -->\n<title>Grandiosa inauguraci\u00f3n del Festival de Menuhin de Gstaad con Israel en Egipto, a cargo de Les Arts Florissants - imusica<\/title>\n<meta name=\"robots\" content=\"index, follow, max-snippet:-1, max-image-preview:large, max-video-preview:-1\" \/>\n<link rel=\"canonical\" href=\"http:\/\/www.e-imusica.com\/en\/grandiosa-inauguracion-del-festival-de-menuhin-de-gstaad-con-israel-en-egipto-a-cargo-de-les-arts-florissants\/\" \/>\n<meta property=\"og:locale\" content=\"en_GB\" \/>\n<meta property=\"og:type\" content=\"article\" \/>\n<meta property=\"og:title\" content=\"Grandiosa inauguraci\u00f3n del Festival de Menuhin de Gstaad con Israel en Egipto, a cargo de Les Arts Florissants - imusica\" \/>\n<meta property=\"og:description\" content=\"\u00abDesde los primeros compases, Christie marc\u00f3 un tono vibrante, entreg\u00e1ndose f\u00edsicamente a la m\u00fasica, impulsando las cuerdas y extrayendo una intensa energ\u00eda del coro y la orquesta, formados por m\u00e1s de 60 m\u00fasicos. El resultado: un paisaje sonoro din\u00e1mico y cargado de emoci\u00f3n que convirti\u00f3 la obra maestra coral de H\u00e4ndel en un viaje inolvidable [&hellip;]\" \/>\n<meta property=\"og:url\" content=\"http:\/\/www.e-imusica.com\/en\/grandiosa-inauguracion-del-festival-de-menuhin-de-gstaad-con-israel-en-egipto-a-cargo-de-les-arts-florissants\/\" \/>\n<meta property=\"og:site_name\" content=\"imusica\" \/>\n<meta property=\"article:published_time\" content=\"2025-07-21T13:52:42+00:00\" \/>\n<meta property=\"article:modified_time\" content=\"2025-12-01T16:25:08+00:00\" \/>\n<meta property=\"og:image\" content=\"http:\/\/www.e-imusica.com\/wp-content\/uploads\/2025\/07\/RFX_6342-scaled.jpg\" \/>\n\t<meta property=\"og:image:width\" content=\"2560\" \/>\n\t<meta property=\"og:image:height\" content=\"1707\" \/>\n\t<meta property=\"og:image:type\" content=\"image\/jpeg\" \/>\n<meta name=\"author\" content=\"B\u00e1rbara Trejo\" \/>\n<meta name=\"twitter:card\" content=\"summary_large_image\" \/>\n<meta name=\"twitter:label1\" content=\"Written by\" \/>\n\t<meta name=\"twitter:data1\" content=\"B\u00e1rbara Trejo\" \/>\n\t<meta name=\"twitter:label2\" content=\"Estimated reading time\" \/>\n\t<meta name=\"twitter:data2\" content=\"2 minutes\" \/>\n<script type=\"application\/ld+json\" class=\"yoast-schema-graph\">{\"@context\":\"https:\\\/\\\/schema.org\",\"@graph\":[{\"@type\":\"Article\",\"@id\":\"http:\\\/\\\/www.e-imusica.com\\\/grandiosa-inauguracion-del-festival-de-menuhin-de-gstaad-con-israel-en-egipto-a-cargo-de-les-arts-florissants\\\/#article\",\"isPartOf\":{\"@id\":\"http:\\\/\\\/www.e-imusica.com\\\/grandiosa-inauguracion-del-festival-de-menuhin-de-gstaad-con-israel-en-egipto-a-cargo-de-les-arts-florissants\\\/\"},\"author\":{\"name\":\"B\u00e1rbara Trejo\",\"@id\":\"http:\\\/\\\/www.e-imusica.com\\\/#\\\/schema\\\/person\\\/8188caf199490748af350a91ec5f069c\"},\"headline\":\"Grandiosa inauguraci\u00f3n del Festival de Menuhin de Gstaad con Israel en Egipto, a cargo de Les Arts Florissants\",\"datePublished\":\"2025-07-21T13:52:42+00:00\",\"dateModified\":\"2025-12-01T16:25:08+00:00\",\"mainEntityOfPage\":{\"@id\":\"http:\\\/\\\/www.e-imusica.com\\\/grandiosa-inauguracion-del-festival-de-menuhin-de-gstaad-con-israel-en-egipto-a-cargo-de-les-arts-florissants\\\/\"},\"wordCount\":1150,\"image\":{\"@id\":\"http:\\\/\\\/www.e-imusica.com\\\/grandiosa-inauguracion-del-festival-de-menuhin-de-gstaad-con-israel-en-egipto-a-cargo-de-les-arts-florissants\\\/#primaryimage\"},\"thumbnailUrl\":\"http:\\\/\\\/www.e-imusica.com\\\/wp-content\\\/uploads\\\/2025\\\/07\\\/RFX_6342-scaled.jpg\",\"articleSection\":[\"Uncategorized\"],\"inLanguage\":\"en-GB\"},{\"@type\":\"WebPage\",\"@id\":\"http:\\\/\\\/www.e-imusica.com\\\/grandiosa-inauguracion-del-festival-de-menuhin-de-gstaad-con-israel-en-egipto-a-cargo-de-les-arts-florissants\\\/\",\"url\":\"http:\\\/\\\/www.e-imusica.com\\\/grandiosa-inauguracion-del-festival-de-menuhin-de-gstaad-con-israel-en-egipto-a-cargo-de-les-arts-florissants\\\/\",\"name\":\"Grandiosa inauguraci\u00f3n del Festival de Menuhin de Gstaad con Israel en Egipto, a cargo de Les Arts Florissants - imusica\",\"isPartOf\":{\"@id\":\"http:\\\/\\\/www.e-imusica.com\\\/#website\"},\"primaryImageOfPage\":{\"@id\":\"http:\\\/\\\/www.e-imusica.com\\\/grandiosa-inauguracion-del-festival-de-menuhin-de-gstaad-con-israel-en-egipto-a-cargo-de-les-arts-florissants\\\/#primaryimage\"},\"image\":{\"@id\":\"http:\\\/\\\/www.e-imusica.com\\\/grandiosa-inauguracion-del-festival-de-menuhin-de-gstaad-con-israel-en-egipto-a-cargo-de-les-arts-florissants\\\/#primaryimage\"},\"thumbnailUrl\":\"http:\\\/\\\/www.e-imusica.com\\\/wp-content\\\/uploads\\\/2025\\\/07\\\/RFX_6342-scaled.jpg\",\"datePublished\":\"2025-07-21T13:52:42+00:00\",\"dateModified\":\"2025-12-01T16:25:08+00:00\",\"author\":{\"@id\":\"http:\\\/\\\/www.e-imusica.com\\\/#\\\/schema\\\/person\\\/8188caf199490748af350a91ec5f069c\"},\"breadcrumb\":{\"@id\":\"http:\\\/\\\/www.e-imusica.com\\\/grandiosa-inauguracion-del-festival-de-menuhin-de-gstaad-con-israel-en-egipto-a-cargo-de-les-arts-florissants\\\/#breadcrumb\"},\"inLanguage\":\"en-GB\",\"potentialAction\":[{\"@type\":\"ReadAction\",\"target\":[\"http:\\\/\\\/www.e-imusica.com\\\/grandiosa-inauguracion-del-festival-de-menuhin-de-gstaad-con-israel-en-egipto-a-cargo-de-les-arts-florissants\\\/\"]}]},{\"@type\":\"ImageObject\",\"inLanguage\":\"en-GB\",\"@id\":\"http:\\\/\\\/www.e-imusica.com\\\/grandiosa-inauguracion-del-festival-de-menuhin-de-gstaad-con-israel-en-egipto-a-cargo-de-les-arts-florissants\\\/#primaryimage\",\"url\":\"http:\\\/\\\/www.e-imusica.com\\\/wp-content\\\/uploads\\\/2025\\\/07\\\/RFX_6342-scaled.jpg\",\"contentUrl\":\"http:\\\/\\\/www.e-imusica.com\\\/wp-content\\\/uploads\\\/2025\\\/07\\\/RFX_6342-scaled.jpg\",\"width\":2560,\"height\":1707},{\"@type\":\"BreadcrumbList\",\"@id\":\"http:\\\/\\\/www.e-imusica.com\\\/grandiosa-inauguracion-del-festival-de-menuhin-de-gstaad-con-israel-en-egipto-a-cargo-de-les-arts-florissants\\\/#breadcrumb\",\"itemListElement\":[{\"@type\":\"ListItem\",\"position\":1,\"name\":\"Portada\",\"item\":\"https:\\\/\\\/www.e-imusica.com\\\/\"},{\"@type\":\"ListItem\",\"position\":2,\"name\":\"Grandiosa inauguraci\u00f3n del Festival de Menuhin de Gstaad con Israel en Egipto, a cargo de Les Arts Florissants\"}]},{\"@type\":\"WebSite\",\"@id\":\"http:\\\/\\\/www.e-imusica.com\\\/#website\",\"url\":\"http:\\\/\\\/www.e-imusica.com\\\/\",\"name\":\"Imusica\",\"description\":\"Iniciativas Musicales SL\",\"potentialAction\":[{\"@type\":\"SearchAction\",\"target\":{\"@type\":\"EntryPoint\",\"urlTemplate\":\"http:\\\/\\\/www.e-imusica.com\\\/?s={search_term_string}\"},\"query-input\":{\"@type\":\"PropertyValueSpecification\",\"valueRequired\":true,\"valueName\":\"search_term_string\"}}],\"inLanguage\":\"en-GB\"},{\"@type\":\"Person\",\"@id\":\"http:\\\/\\\/www.e-imusica.com\\\/#\\\/schema\\\/person\\\/8188caf199490748af350a91ec5f069c\",\"name\":\"B\u00e1rbara Trejo\",\"image\":{\"@type\":\"ImageObject\",\"inLanguage\":\"en-GB\",\"@id\":\"https:\\\/\\\/secure.gravatar.com\\\/avatar\\\/d19894c88263bd9071e9153832ac95a57d52cba71c51b94ce690d99d85a44ac5?s=96&d=mm&r=g\",\"url\":\"https:\\\/\\\/secure.gravatar.com\\\/avatar\\\/d19894c88263bd9071e9153832ac95a57d52cba71c51b94ce690d99d85a44ac5?s=96&d=mm&r=g\",\"contentUrl\":\"https:\\\/\\\/secure.gravatar.com\\\/avatar\\\/d19894c88263bd9071e9153832ac95a57d52cba71c51b94ce690d99d85a44ac5?s=96&d=mm&r=g\",\"caption\":\"B\u00e1rbara Trejo\"},\"url\":\"http:\\\/\\\/www.e-imusica.com\\\/en\\\/author\\\/barbara\\\/\"}]}<\/script>\n<!-- \/ Yoast SEO plugin. -->","yoast_head_json":{"title":"Grandiosa inauguraci\u00f3n del Festival de Menuhin de Gstaad con Israel en Egipto, a cargo de Les Arts Florissants - imusica","robots":{"index":"index","follow":"follow","max-snippet":"max-snippet:-1","max-image-preview":"max-image-preview:large","max-video-preview":"max-video-preview:-1"},"canonical":"http:\/\/www.e-imusica.com\/en\/grandiosa-inauguracion-del-festival-de-menuhin-de-gstaad-con-israel-en-egipto-a-cargo-de-les-arts-florissants\/","og_locale":"en_GB","og_type":"article","og_title":"Grandiosa inauguraci\u00f3n del Festival de Menuhin de Gstaad con Israel en Egipto, a cargo de Les Arts Florissants - imusica","og_description":"\u00abDesde los primeros compases, Christie marc\u00f3 un tono vibrante, entreg\u00e1ndose f\u00edsicamente a la m\u00fasica, impulsando las cuerdas y extrayendo una intensa energ\u00eda del coro y la orquesta, formados por m\u00e1s de 60 m\u00fasicos. El resultado: un paisaje sonoro din\u00e1mico y cargado de emoci\u00f3n que convirti\u00f3 la obra maestra coral de H\u00e4ndel en un viaje inolvidable [&hellip;]","og_url":"http:\/\/www.e-imusica.com\/en\/grandiosa-inauguracion-del-festival-de-menuhin-de-gstaad-con-israel-en-egipto-a-cargo-de-les-arts-florissants\/","og_site_name":"imusica","article_published_time":"2025-07-21T13:52:42+00:00","article_modified_time":"2025-12-01T16:25:08+00:00","og_image":[{"width":2560,"height":1707,"url":"http:\/\/www.e-imusica.com\/wp-content\/uploads\/2025\/07\/RFX_6342-scaled.jpg","type":"image\/jpeg"}],"author":"B\u00e1rbara Trejo","twitter_card":"summary_large_image","twitter_misc":{"Written by":"B\u00e1rbara Trejo","Estimated reading time":"2 minutes"},"schema":{"@context":"https:\/\/schema.org","@graph":[{"@type":"Article","@id":"http:\/\/www.e-imusica.com\/grandiosa-inauguracion-del-festival-de-menuhin-de-gstaad-con-israel-en-egipto-a-cargo-de-les-arts-florissants\/#article","isPartOf":{"@id":"http:\/\/www.e-imusica.com\/grandiosa-inauguracion-del-festival-de-menuhin-de-gstaad-con-israel-en-egipto-a-cargo-de-les-arts-florissants\/"},"author":{"name":"B\u00e1rbara Trejo","@id":"http:\/\/www.e-imusica.com\/#\/schema\/person\/8188caf199490748af350a91ec5f069c"},"headline":"Grandiosa inauguraci\u00f3n del Festival de Menuhin de Gstaad con Israel en Egipto, a cargo de Les Arts Florissants","datePublished":"2025-07-21T13:52:42+00:00","dateModified":"2025-12-01T16:25:08+00:00","mainEntityOfPage":{"@id":"http:\/\/www.e-imusica.com\/grandiosa-inauguracion-del-festival-de-menuhin-de-gstaad-con-israel-en-egipto-a-cargo-de-les-arts-florissants\/"},"wordCount":1150,"image":{"@id":"http:\/\/www.e-imusica.com\/grandiosa-inauguracion-del-festival-de-menuhin-de-gstaad-con-israel-en-egipto-a-cargo-de-les-arts-florissants\/#primaryimage"},"thumbnailUrl":"http:\/\/www.e-imusica.com\/wp-content\/uploads\/2025\/07\/RFX_6342-scaled.jpg","articleSection":["Uncategorized"],"inLanguage":"en-GB"},{"@type":"WebPage","@id":"http:\/\/www.e-imusica.com\/grandiosa-inauguracion-del-festival-de-menuhin-de-gstaad-con-israel-en-egipto-a-cargo-de-les-arts-florissants\/","url":"http:\/\/www.e-imusica.com\/grandiosa-inauguracion-del-festival-de-menuhin-de-gstaad-con-israel-en-egipto-a-cargo-de-les-arts-florissants\/","name":"Grandiosa inauguraci\u00f3n del Festival de Menuhin de Gstaad con Israel en Egipto, a cargo de Les Arts Florissants - imusica","isPartOf":{"@id":"http:\/\/www.e-imusica.com\/#website"},"primaryImageOfPage":{"@id":"http:\/\/www.e-imusica.com\/grandiosa-inauguracion-del-festival-de-menuhin-de-gstaad-con-israel-en-egipto-a-cargo-de-les-arts-florissants\/#primaryimage"},"image":{"@id":"http:\/\/www.e-imusica.com\/grandiosa-inauguracion-del-festival-de-menuhin-de-gstaad-con-israel-en-egipto-a-cargo-de-les-arts-florissants\/#primaryimage"},"thumbnailUrl":"http:\/\/www.e-imusica.com\/wp-content\/uploads\/2025\/07\/RFX_6342-scaled.jpg","datePublished":"2025-07-21T13:52:42+00:00","dateModified":"2025-12-01T16:25:08+00:00","author":{"@id":"http:\/\/www.e-imusica.com\/#\/schema\/person\/8188caf199490748af350a91ec5f069c"},"breadcrumb":{"@id":"http:\/\/www.e-imusica.com\/grandiosa-inauguracion-del-festival-de-menuhin-de-gstaad-con-israel-en-egipto-a-cargo-de-les-arts-florissants\/#breadcrumb"},"inLanguage":"en-GB","potentialAction":[{"@type":"ReadAction","target":["http:\/\/www.e-imusica.com\/grandiosa-inauguracion-del-festival-de-menuhin-de-gstaad-con-israel-en-egipto-a-cargo-de-les-arts-florissants\/"]}]},{"@type":"ImageObject","inLanguage":"en-GB","@id":"http:\/\/www.e-imusica.com\/grandiosa-inauguracion-del-festival-de-menuhin-de-gstaad-con-israel-en-egipto-a-cargo-de-les-arts-florissants\/#primaryimage","url":"http:\/\/www.e-imusica.com\/wp-content\/uploads\/2025\/07\/RFX_6342-scaled.jpg","contentUrl":"http:\/\/www.e-imusica.com\/wp-content\/uploads\/2025\/07\/RFX_6342-scaled.jpg","width":2560,"height":1707},{"@type":"BreadcrumbList","@id":"http:\/\/www.e-imusica.com\/grandiosa-inauguracion-del-festival-de-menuhin-de-gstaad-con-israel-en-egipto-a-cargo-de-les-arts-florissants\/#breadcrumb","itemListElement":[{"@type":"ListItem","position":1,"name":"Portada","item":"https:\/\/www.e-imusica.com\/"},{"@type":"ListItem","position":2,"name":"Grandiosa inauguraci\u00f3n del Festival de Menuhin de Gstaad con Israel en Egipto, a cargo de Les Arts Florissants"}]},{"@type":"WebSite","@id":"http:\/\/www.e-imusica.com\/#website","url":"http:\/\/www.e-imusica.com\/","name":"Imusica","description":"Iniciativas Musicales SL","potentialAction":[{"@type":"SearchAction","target":{"@type":"EntryPoint","urlTemplate":"http:\/\/www.e-imusica.com\/?s={search_term_string}"},"query-input":{"@type":"PropertyValueSpecification","valueRequired":true,"valueName":"search_term_string"}}],"inLanguage":"en-GB"},{"@type":"Person","@id":"http:\/\/www.e-imusica.com\/#\/schema\/person\/8188caf199490748af350a91ec5f069c","name":"B\u00e1rbara Trejo","image":{"@type":"ImageObject","inLanguage":"en-GB","@id":"https:\/\/secure.gravatar.com\/avatar\/d19894c88263bd9071e9153832ac95a57d52cba71c51b94ce690d99d85a44ac5?s=96&d=mm&r=g","url":"https:\/\/secure.gravatar.com\/avatar\/d19894c88263bd9071e9153832ac95a57d52cba71c51b94ce690d99d85a44ac5?s=96&d=mm&r=g","contentUrl":"https:\/\/secure.gravatar.com\/avatar\/d19894c88263bd9071e9153832ac95a57d52cba71c51b94ce690d99d85a44ac5?s=96&d=mm&r=g","caption":"B\u00e1rbara Trejo"},"url":"http:\/\/www.e-imusica.com\/en\/author\/barbara\/"}]}},"_links":{"self":[{"href":"http:\/\/www.e-imusica.com\/en\/wp-json\/wp\/v2\/posts\/7139","targetHints":{"allow":["GET"]}}],"collection":[{"href":"http:\/\/www.e-imusica.com\/en\/wp-json\/wp\/v2\/posts"}],"about":[{"href":"http:\/\/www.e-imusica.com\/en\/wp-json\/wp\/v2\/types\/post"}],"author":[{"embeddable":true,"href":"http:\/\/www.e-imusica.com\/en\/wp-json\/wp\/v2\/users\/8"}],"replies":[{"embeddable":true,"href":"http:\/\/www.e-imusica.com\/en\/wp-json\/wp\/v2\/comments?post=7139"}],"version-history":[{"count":11,"href":"http:\/\/www.e-imusica.com\/en\/wp-json\/wp\/v2\/posts\/7139\/revisions"}],"predecessor-version":[{"id":7367,"href":"http:\/\/www.e-imusica.com\/en\/wp-json\/wp\/v2\/posts\/7139\/revisions\/7367"}],"wp:featuredmedia":[{"embeddable":true,"href":"http:\/\/www.e-imusica.com\/en\/wp-json\/wp\/v2\/media\/7109"}],"wp:attachment":[{"href":"http:\/\/www.e-imusica.com\/en\/wp-json\/wp\/v2\/media?parent=7139"}],"wp:term":[{"taxonomy":"category","embeddable":true,"href":"http:\/\/www.e-imusica.com\/en\/wp-json\/wp\/v2\/categories?post=7139"},{"taxonomy":"post_tag","embeddable":true,"href":"http:\/\/www.e-imusica.com\/en\/wp-json\/wp\/v2\/tags?post=7139"}],"curies":[{"name":"wp","href":"https:\/\/api.w.org\/{rel}","templated":true}]}}