{"id":7077,"date":"2025-07-04T16:54:46","date_gmt":"2025-07-04T16:54:46","guid":{"rendered":"https:\/\/www.e-imusica.com\/?p=7077"},"modified":"2025-07-04T16:54:46","modified_gmt":"2025-07-04T16:54:46","slug":"joyce-didonato-debuta-en-el-festival-de-perelada-con-un-recital-de-gran-riqueza-vocal-e-interpretativa","status":"publish","type":"post","link":"http:\/\/www.e-imusica.com\/en\/joyce-didonato-debuta-en-el-festival-de-perelada-con-un-recital-de-gran-riqueza-vocal-e-interpretativa\/","title":{"rendered":"Joyce DiDonato debuta en el Festival de Perelada \u00abcon un recital de gran riqueza vocal e interpretativa\u00bb"},"content":{"rendered":"<p>[et_pb_section fb_built=\u00bb1&#8243; _builder_version=\u00bb4.24.3&#8243; _module_preset=\u00bbdefault\u00bb da_disable_devices=\u00bboff|off|off\u00bb global_colors_info=\u00bb{}\u00bb da_is_popup=\u00bboff\u00bb da_exit_intent=\u00bboff\u00bb da_has_close=\u00bbon\u00bb da_alt_close=\u00bboff\u00bb da_dark_close=\u00bboff\u00bb da_not_modal=\u00bbon\u00bb da_is_singular=\u00bboff\u00bb da_with_loader=\u00bboff\u00bb da_has_shadow=\u00bbon\u00bb][et_pb_row _builder_version=\u00bb4.22.0&#8243; _module_preset=\u00bbdefault\u00bb global_colors_info=\u00bb{}\u00bb][et_pb_column type=\u00bb4_4&#8243; _builder_version=\u00bb4.22.0&#8243; _module_preset=\u00bbdefault\u00bb global_colors_info=\u00bb{}\u00bb][et_pb_post_title meta=\u00bboff\u00bb date_format=\u00bbd\/m\/y\u00bb featured_image=\u00bboff\u00bb _builder_version=\u00bb4.25.0&#8243; _module_preset=\u00bbdefault\u00bb title_font=\u00bbBodoni Moda|600||||on|||\u00bb title_text_align=\u00bbcenter\u00bb title_font_size=\u00bb3vw\u00bb title_letter_spacing=\u00bb-0.5px\u00bb title_line_height=\u00bb1.6em\u00bb meta_text_align=\u00bbcenter\u00bb meta_text_color=\u00bb#000000&#8243; meta_font_size=\u00bb16px\u00bb width=\u00bb80%\u00bb width_tablet=\u00bb100%\u00bb width_phone=\u00bb100%\u00bb width_last_edited=\u00bbon|desktop\u00bb module_alignment=\u00bbcenter\u00bb title_font_size_tablet=\u00bb24px\u00bb title_font_size_phone=\u00bb25px\u00bb title_font_size_last_edited=\u00bbon|phone\u00bb title_line_height_tablet=\u00bb1.6em\u00bb title_line_height_phone=\u00bb1.2em\u00bb title_line_height_last_edited=\u00bbon|phone\u00bb meta_font_size_tablet=\u00bb15px\u00bb meta_font_size_phone=\u00bb15px\u00bb meta_font_size_last_edited=\u00bbon|desktop\u00bb global_colors_info=\u00bb{}\u00bb title_font_size__hover_enabled=\u00bboff|desktop\u00bb][\/et_pb_post_title][\/et_pb_column][\/et_pb_row][et_pb_row column_structure=\u00bb1_2,1_2&#8243; use_custom_gutter=\u00bbon\u00bb gutter_width=\u00bb1&#8243; make_equal=\u00bbon\u00bb _builder_version=\u00bb4.24.3&#8243; _module_preset=\u00bbdefault\u00bb width=\u00bb92%\u00bb width_tablet=\u00bb\u00bb width_phone=\u00bb\u00bb width_last_edited=\u00bbon|phone\u00bb max_width=\u00bb1920px\u00bb module_alignment=\u00bbcenter\u00bb global_colors_info=\u00bb{}\u00bb][et_pb_column type=\u00bb1_2&#8243; _builder_version=\u00bb4.24.3&#8243; _module_preset=\u00bbdefault\u00bb global_colors_info=\u00bb{}\u00bb][et_pb_post_title meta=\u00bboff\u00bb date_format=\u00bbd\/m\/y\u00bb featured_placement=\u00bbabove\u00bb title_tablet=\u00bb\u00bb title_phone=\u00bboff\u00bb title_last_edited=\u00bbon|phone\u00bb _builder_version=\u00bb4.24.3&#8243; _module_preset=\u00bbdefault\u00bb title_font=\u00bb||||||||\u00bb title_text_align=\u00bbleft\u00bb title_text_color=\u00bb#FFFFFF\u00bb title_font_size=\u00bb17px\u00bb title_line_height=\u00bb1.2em\u00bb meta_text_align=\u00bbcenter\u00bb meta_text_color=\u00bb#000000&#8243; meta_font_size=\u00bb16px\u00bb background_color=\u00bb#bcbcbc\u00bb width_tablet=\u00bb100%\u00bb width_phone=\u00bb100%\u00bb width_last_edited=\u00bboff|desktop\u00bb module_alignment=\u00bbcenter\u00bb custom_margin=\u00bb||0px||false|false\u00bb custom_margin_tablet=\u00bb0px||||false|false\u00bb custom_margin_phone=\u00bb\u00bb custom_margin_last_edited=\u00bbon|tablet\u00bb custom_padding=\u00bb10px|70px||10px|false|false\u00bb custom_padding_tablet=\u00bb10px|11px||11px|false|true\u00bb custom_padding_phone=\u00bb7px|7px|0px|7px|false|true\u00bb custom_padding_last_edited=\u00bbon|phone\u00bb title_font_size_tablet=\u00bb24px\u00bb title_font_size_phone=\u00bb20px\u00bb title_font_size_last_edited=\u00bbon|phone\u00bb meta_font_size_tablet=\u00bb15px\u00bb meta_font_size_phone=\u00bb15px\u00bb meta_font_size_last_edited=\u00bbon|desktop\u00bb background_color_phone=\u00bbRGBA(255,255,255,0)\u00bb background_last_edited=\u00bboff|desktop\u00bb background_enable_color_phone=\u00bbon\u00bb global_colors_info=\u00bb{}\u00bb title_font_size__hover_enabled=\u00bboff|desktop\u00bb][\/et_pb_post_title][et_pb_text admin_label=\u00bbcr\u00e9ditos imagen\u00bb _builder_version=\u00bb4.27.4&#8243; _module_preset=\u00bbdefault\u00bb text_text_color=\u00bb#bcbcbc\u00bb background_color=\u00bb#232323&#8243; positioning=\u00bbabsolute\u00bb text_orientation=\u00bbright\u00bb width=\u00bb100%\u00bb custom_margin=\u00bb20px|||22vw|false|false\u00bb custom_margin_tablet=\u00bb17px|||0px|false|false\u00bb custom_margin_phone=\u00bb7px||||false|false\u00bb custom_margin_last_edited=\u00bbon|phone\u00bb custom_padding=\u00bb|30vw||0px|false|false\u00bb custom_padding_tablet=\u00bb|24px||24px|false|true\u00bb custom_padding_phone=\u00bb|11px||11px|false|true\u00bb custom_padding_last_edited=\u00bbon|phone\u00bb text_font_size_tablet=\u00bb\u00bb text_font_size_phone=\u00bb12px\u00bb text_font_size_last_edited=\u00bbon|phone\u00bb text_line_height_tablet=\u00bb\u00bb text_line_height_phone=\u00bb1.5em\u00bb text_line_height_last_edited=\u00bbon|phone\u00bb text_orientation_tablet=\u00bb\u00bb text_orientation_phone=\u00bb\u00bb text_orientation_last_edited=\u00bbon|phone\u00bb global_colors_info=\u00bb{}\u00bb]<\/p>\n<p>\u00a9Toti Ferrer<\/p>\n<p>[\/et_pb_text][\/et_pb_column][et_pb_column type=\u00bb1_2&#8243; _builder_version=\u00bb4.24.3&#8243; _module_preset=\u00bbdefault\u00bb global_colors_info=\u00bb{}\u00bb][et_pb_text disabled_on=\u00bbon|on|off\u00bb admin_label=\u00bbfondo\u00bb _builder_version=\u00bb4.24.3&#8243; _module_preset=\u00bbdefault\u00bb background_color=\u00bb#bcbcbc\u00bb positioning=\u00bbabsolute\u00bb z_index=\u00bb-115&#8243; width=\u00bb108%\u00bb height=\u00bb100%\u00bb custom_margin=\u00bb|||-60px|false|false\u00bb custom_padding=\u00bb20px|||125px|false|false\u00bb global_colors_info=\u00bb{}\u00bb][\/et_pb_text][et_pb_text _builder_version=\u00bb4.27.4&#8243; _module_preset=\u00bbdefault\u00bb text_font=\u00bb|600|||||||\u00bb text_text_color=\u00bb#000000&#8243; text_font_size=\u00bb15px\u00bb text_line_height=\u00bb1.3em\u00bb link_font=\u00bb|600||||on|||\u00bb link_text_align=\u00bbcenter\u00bb link_text_color=\u00bb#E02B20&#8243; link_font_size=\u00bb17px\u00bb link_letter_spacing=\u00bb0.5px\u00bb link_line_height=\u00bb1.1em\u00bb header_3_font=\u00bb||||||||\u00bb header_3_text_align=\u00bbcenter\u00bb header_3_text_color=\u00bb#3f0000&#8243; header_3_line_height=\u00bb1.1em\u00bb header_5_font=\u00bb|700|||||||\u00bb header_5_text_align=\u00bbright\u00bb header_5_text_color=\u00bb#f7f7f7&#8243; header_5_font_size=\u00bb14px\u00bb custom_margin=\u00bb10px||10px|-40px|true|false\u00bb custom_margin_tablet=\u00bb|||0px|true|false\u00bb custom_margin_phone=\u00bb\u00bb custom_margin_last_edited=\u00bbon|tablet\u00bb custom_padding=\u00bb15px|40px|15px|15px|true|false\u00bb custom_padding_tablet=\u00bb20px|25px|20px|25px|true|true\u00bb custom_padding_phone=\u00bb\u00bb custom_padding_last_edited=\u00bbon|tablet\u00bb hover_transition_duration=\u00bb550ms\u00bb hover_enabled=\u00bb0&#8243; background_color_tablet=\u00bb#bcbcbc\u00bb background_color_phone=\u00bb#bcbcbc\u00bb background_last_edited=\u00bbon|phone\u00bb background_enable_color_tablet=\u00bbon\u00bb background_enable_color_phone=\u00bbon\u00bb global_colors_info=\u00bb{}\u00bb link_letter_spacing__hover_enabled=\u00bbon|hover\u00bb link_letter_spacing__hover=\u00bb1px\u00bb link_line_height__hover_enabled=\u00bbon|hover\u00bb link_line_height__hover=\u00bb1.7em\u00bb link_font_size__hover_enabled=\u00bbon|desktop\u00bb link_font_size__hover=\u00bb18px\u00bb sticky_enabled=\u00bb0&#8243;]<\/p>\n<h3>Joyce DiDonato debuta en el Festival Perelada con la \u201csinfon\u00eda\u201d que el ciclo dedica este a\u00f1o a los jardines<\/h3>\n<p>La actuaci\u00f3n de DiDonato, [&#8230;] ha sido un despliegue de colores vocales, inteligencia interpretativa y una complicidad con el p\u00fablico que solo una artista de su talla es capaz de generar. Nada m\u00e1s salir a escena, la cantante se ha ganado al p\u00fablico gracias a su proverbial simpat\u00eda.<\/p>\n<\/p>\n<p>[&#8230;] El programa previsto para este recital ha resultado ser toda una declaraci\u00f3n de principios: curiosidad por repertorios diversos, compromiso con obras menos frecuentes y la capacidad de transitar con naturalidad de una est\u00e9tica a otra sin perder ni un \u00e1pice de verdad expresiva.<\/p>\n<h5>\u00a0TODA LA M\u00daSICA | Redacci\u00f3n | 04\/07\/2025<\/h5>\n<p style=\"text-align: center;\"><a href=\"https:\/\/www.todalamusica.es\/joyce-didonato-debuta-en-el-festival-perelada-con-la-sinfonia-que-el-ciclo-dedica-este-ano-a-los-jardines\/\" target=\"_blank\" rel=\"noopener\">\u00a0&#8230; leer noticia completa<\/a><\/p>\n<p>[\/et_pb_text][\/et_pb_column][\/et_pb_row][\/et_pb_section]<\/p>","protected":false},"excerpt":{"rendered":"<p>\u00a9Toti FerrerJoyce DiDonato debuta en el Festival Perelada con la \u201csinfon\u00eda\u201d que el ciclo dedica este a\u00f1o a los jardines La actuaci\u00f3n de DiDonato, [&#8230;] ha sido un despliegue de colores vocales, inteligencia interpretativa y una complicidad con el p\u00fablico que solo una artista de su talla es capaz de generar. Nada m\u00e1s salir a [&hellip;]<\/p>","protected":false},"author":8,"featured_media":7079,"comment_status":"closed","ping_status":"closed","sticky":false,"template":"","format":"standard","meta":{"_et_pb_use_builder":"on","_et_pb_old_content":"","_et_gb_content_width":"2880","footnotes":""},"categories":[1],"tags":[],"class_list":["post-7077","post","type-post","status-publish","format-standard","has-post-thumbnail","hentry","category-uncategorized"],"yoast_head":"<!-- This site is optimized with the Yoast SEO plugin v27.5 - https:\/\/yoast.com\/product\/yoast-seo-wordpress\/ -->\n<title>Joyce DiDonato debuta en el Festival de Perelada \u00abcon un recital de gran riqueza vocal e interpretativa\u00bb - imusica<\/title>\n<meta name=\"robots\" content=\"index, follow, max-snippet:-1, max-image-preview:large, max-video-preview:-1\" \/>\n<link rel=\"canonical\" href=\"http:\/\/www.e-imusica.com\/en\/joyce-didonato-debuta-en-el-festival-de-perelada-con-un-recital-de-gran-riqueza-vocal-e-interpretativa\/\" \/>\n<meta property=\"og:locale\" content=\"en_GB\" \/>\n<meta property=\"og:type\" content=\"article\" \/>\n<meta property=\"og:title\" content=\"Joyce DiDonato debuta en el Festival de Perelada \u00abcon un recital de gran riqueza vocal e interpretativa\u00bb - imusica\" \/>\n<meta property=\"og:description\" content=\"\u00a9Toti FerrerJoyce DiDonato debuta en el Festival Perelada con la \u201csinfon\u00eda\u201d que el ciclo dedica este a\u00f1o a los jardines La actuaci\u00f3n de DiDonato, [...] ha sido un despliegue de colores vocales, inteligencia interpretativa y una complicidad con el p\u00fablico que solo una artista de su talla es capaz de generar. Nada m\u00e1s salir a [&hellip;]\" \/>\n<meta property=\"og:url\" content=\"http:\/\/www.e-imusica.com\/en\/joyce-didonato-debuta-en-el-festival-de-perelada-con-un-recital-de-gran-riqueza-vocal-e-interpretativa\/\" \/>\n<meta property=\"og:site_name\" content=\"imusica\" \/>\n<meta property=\"article:published_time\" content=\"2025-07-04T16:54:46+00:00\" \/>\n<meta property=\"og:image\" content=\"http:\/\/www.e-imusica.com\/wp-content\/uploads\/2025\/07\/FF_9710-scaled.jpg\" \/>\n\t<meta property=\"og:image:width\" content=\"2560\" \/>\n\t<meta property=\"og:image:height\" content=\"1708\" \/>\n\t<meta property=\"og:image:type\" content=\"image\/jpeg\" \/>\n<meta name=\"author\" content=\"B\u00e1rbara Trejo\" \/>\n<meta name=\"twitter:card\" content=\"summary_large_image\" \/>\n<meta name=\"twitter:label1\" content=\"Written by\" \/>\n\t<meta name=\"twitter:data1\" content=\"B\u00e1rbara Trejo\" \/>\n\t<meta name=\"twitter:label2\" content=\"Estimated reading time\" \/>\n\t<meta name=\"twitter:data2\" content=\"1 minute\" \/>\n<script type=\"application\/ld+json\" class=\"yoast-schema-graph\">{\"@context\":\"https:\\\/\\\/schema.org\",\"@graph\":[{\"@type\":\"Article\",\"@id\":\"http:\\\/\\\/www.e-imusica.com\\\/joyce-didonato-debuta-en-el-festival-de-perelada-con-un-recital-de-gran-riqueza-vocal-e-interpretativa\\\/#article\",\"isPartOf\":{\"@id\":\"http:\\\/\\\/www.e-imusica.com\\\/joyce-didonato-debuta-en-el-festival-de-perelada-con-un-recital-de-gran-riqueza-vocal-e-interpretativa\\\/\"},\"author\":{\"name\":\"B\u00e1rbara Trejo\",\"@id\":\"http:\\\/\\\/www.e-imusica.com\\\/#\\\/schema\\\/person\\\/8188caf199490748af350a91ec5f069c\"},\"headline\":\"Joyce DiDonato debuta en el Festival de Perelada \u00abcon un recital de gran riqueza vocal e interpretativa\u00bb\",\"datePublished\":\"2025-07-04T16:54:46+00:00\",\"mainEntityOfPage\":{\"@id\":\"http:\\\/\\\/www.e-imusica.com\\\/joyce-didonato-debuta-en-el-festival-de-perelada-con-un-recital-de-gran-riqueza-vocal-e-interpretativa\\\/\"},\"wordCount\":986,\"image\":{\"@id\":\"http:\\\/\\\/www.e-imusica.com\\\/joyce-didonato-debuta-en-el-festival-de-perelada-con-un-recital-de-gran-riqueza-vocal-e-interpretativa\\\/#primaryimage\"},\"thumbnailUrl\":\"http:\\\/\\\/www.e-imusica.com\\\/wp-content\\\/uploads\\\/2025\\\/07\\\/FF_9710-scaled.jpg\",\"articleSection\":[\"Uncategorized\"],\"inLanguage\":\"en-GB\"},{\"@type\":\"WebPage\",\"@id\":\"http:\\\/\\\/www.e-imusica.com\\\/joyce-didonato-debuta-en-el-festival-de-perelada-con-un-recital-de-gran-riqueza-vocal-e-interpretativa\\\/\",\"url\":\"http:\\\/\\\/www.e-imusica.com\\\/joyce-didonato-debuta-en-el-festival-de-perelada-con-un-recital-de-gran-riqueza-vocal-e-interpretativa\\\/\",\"name\":\"Joyce DiDonato debuta en el Festival de Perelada \u00abcon un recital de gran riqueza vocal e interpretativa\u00bb - imusica\",\"isPartOf\":{\"@id\":\"http:\\\/\\\/www.e-imusica.com\\\/#website\"},\"primaryImageOfPage\":{\"@id\":\"http:\\\/\\\/www.e-imusica.com\\\/joyce-didonato-debuta-en-el-festival-de-perelada-con-un-recital-de-gran-riqueza-vocal-e-interpretativa\\\/#primaryimage\"},\"image\":{\"@id\":\"http:\\\/\\\/www.e-imusica.com\\\/joyce-didonato-debuta-en-el-festival-de-perelada-con-un-recital-de-gran-riqueza-vocal-e-interpretativa\\\/#primaryimage\"},\"thumbnailUrl\":\"http:\\\/\\\/www.e-imusica.com\\\/wp-content\\\/uploads\\\/2025\\\/07\\\/FF_9710-scaled.jpg\",\"datePublished\":\"2025-07-04T16:54:46+00:00\",\"author\":{\"@id\":\"http:\\\/\\\/www.e-imusica.com\\\/#\\\/schema\\\/person\\\/8188caf199490748af350a91ec5f069c\"},\"breadcrumb\":{\"@id\":\"http:\\\/\\\/www.e-imusica.com\\\/joyce-didonato-debuta-en-el-festival-de-perelada-con-un-recital-de-gran-riqueza-vocal-e-interpretativa\\\/#breadcrumb\"},\"inLanguage\":\"en-GB\",\"potentialAction\":[{\"@type\":\"ReadAction\",\"target\":[\"http:\\\/\\\/www.e-imusica.com\\\/joyce-didonato-debuta-en-el-festival-de-perelada-con-un-recital-de-gran-riqueza-vocal-e-interpretativa\\\/\"]}]},{\"@type\":\"ImageObject\",\"inLanguage\":\"en-GB\",\"@id\":\"http:\\\/\\\/www.e-imusica.com\\\/joyce-didonato-debuta-en-el-festival-de-perelada-con-un-recital-de-gran-riqueza-vocal-e-interpretativa\\\/#primaryimage\",\"url\":\"http:\\\/\\\/www.e-imusica.com\\\/wp-content\\\/uploads\\\/2025\\\/07\\\/FF_9710-scaled.jpg\",\"contentUrl\":\"http:\\\/\\\/www.e-imusica.com\\\/wp-content\\\/uploads\\\/2025\\\/07\\\/FF_9710-scaled.jpg\",\"width\":2560,\"height\":1708},{\"@type\":\"BreadcrumbList\",\"@id\":\"http:\\\/\\\/www.e-imusica.com\\\/joyce-didonato-debuta-en-el-festival-de-perelada-con-un-recital-de-gran-riqueza-vocal-e-interpretativa\\\/#breadcrumb\",\"itemListElement\":[{\"@type\":\"ListItem\",\"position\":1,\"name\":\"Portada\",\"item\":\"https:\\\/\\\/www.e-imusica.com\\\/\"},{\"@type\":\"ListItem\",\"position\":2,\"name\":\"Joyce DiDonato debuta en el Festival de Perelada \u00abcon un recital de gran riqueza vocal e interpretativa\u00bb\"}]},{\"@type\":\"WebSite\",\"@id\":\"http:\\\/\\\/www.e-imusica.com\\\/#website\",\"url\":\"http:\\\/\\\/www.e-imusica.com\\\/\",\"name\":\"Imusica\",\"description\":\"Iniciativas Musicales SL\",\"potentialAction\":[{\"@type\":\"SearchAction\",\"target\":{\"@type\":\"EntryPoint\",\"urlTemplate\":\"http:\\\/\\\/www.e-imusica.com\\\/?s={search_term_string}\"},\"query-input\":{\"@type\":\"PropertyValueSpecification\",\"valueRequired\":true,\"valueName\":\"search_term_string\"}}],\"inLanguage\":\"en-GB\"},{\"@type\":\"Person\",\"@id\":\"http:\\\/\\\/www.e-imusica.com\\\/#\\\/schema\\\/person\\\/8188caf199490748af350a91ec5f069c\",\"name\":\"B\u00e1rbara Trejo\",\"image\":{\"@type\":\"ImageObject\",\"inLanguage\":\"en-GB\",\"@id\":\"https:\\\/\\\/secure.gravatar.com\\\/avatar\\\/d19894c88263bd9071e9153832ac95a57d52cba71c51b94ce690d99d85a44ac5?s=96&d=mm&r=g\",\"url\":\"https:\\\/\\\/secure.gravatar.com\\\/avatar\\\/d19894c88263bd9071e9153832ac95a57d52cba71c51b94ce690d99d85a44ac5?s=96&d=mm&r=g\",\"contentUrl\":\"https:\\\/\\\/secure.gravatar.com\\\/avatar\\\/d19894c88263bd9071e9153832ac95a57d52cba71c51b94ce690d99d85a44ac5?s=96&d=mm&r=g\",\"caption\":\"B\u00e1rbara Trejo\"},\"url\":\"http:\\\/\\\/www.e-imusica.com\\\/en\\\/author\\\/barbara\\\/\"}]}<\/script>\n<!-- \/ Yoast SEO plugin. -->","yoast_head_json":{"title":"Joyce DiDonato debuta en el Festival de Perelada \u00abcon un recital de gran riqueza vocal e interpretativa\u00bb - imusica","robots":{"index":"index","follow":"follow","max-snippet":"max-snippet:-1","max-image-preview":"max-image-preview:large","max-video-preview":"max-video-preview:-1"},"canonical":"http:\/\/www.e-imusica.com\/en\/joyce-didonato-debuta-en-el-festival-de-perelada-con-un-recital-de-gran-riqueza-vocal-e-interpretativa\/","og_locale":"en_GB","og_type":"article","og_title":"Joyce DiDonato debuta en el Festival de Perelada \u00abcon un recital de gran riqueza vocal e interpretativa\u00bb - imusica","og_description":"\u00a9Toti FerrerJoyce DiDonato debuta en el Festival Perelada con la \u201csinfon\u00eda\u201d que el ciclo dedica este a\u00f1o a los jardines La actuaci\u00f3n de DiDonato, [...] ha sido un despliegue de colores vocales, inteligencia interpretativa y una complicidad con el p\u00fablico que solo una artista de su talla es capaz de generar. Nada m\u00e1s salir a [&hellip;]","og_url":"http:\/\/www.e-imusica.com\/en\/joyce-didonato-debuta-en-el-festival-de-perelada-con-un-recital-de-gran-riqueza-vocal-e-interpretativa\/","og_site_name":"imusica","article_published_time":"2025-07-04T16:54:46+00:00","og_image":[{"width":2560,"height":1708,"url":"http:\/\/www.e-imusica.com\/wp-content\/uploads\/2025\/07\/FF_9710-scaled.jpg","type":"image\/jpeg"}],"author":"B\u00e1rbara Trejo","twitter_card":"summary_large_image","twitter_misc":{"Written by":"B\u00e1rbara Trejo","Estimated reading time":"1 minute"},"schema":{"@context":"https:\/\/schema.org","@graph":[{"@type":"Article","@id":"http:\/\/www.e-imusica.com\/joyce-didonato-debuta-en-el-festival-de-perelada-con-un-recital-de-gran-riqueza-vocal-e-interpretativa\/#article","isPartOf":{"@id":"http:\/\/www.e-imusica.com\/joyce-didonato-debuta-en-el-festival-de-perelada-con-un-recital-de-gran-riqueza-vocal-e-interpretativa\/"},"author":{"name":"B\u00e1rbara Trejo","@id":"http:\/\/www.e-imusica.com\/#\/schema\/person\/8188caf199490748af350a91ec5f069c"},"headline":"Joyce DiDonato debuta en el Festival de Perelada \u00abcon un recital de gran riqueza vocal e interpretativa\u00bb","datePublished":"2025-07-04T16:54:46+00:00","mainEntityOfPage":{"@id":"http:\/\/www.e-imusica.com\/joyce-didonato-debuta-en-el-festival-de-perelada-con-un-recital-de-gran-riqueza-vocal-e-interpretativa\/"},"wordCount":986,"image":{"@id":"http:\/\/www.e-imusica.com\/joyce-didonato-debuta-en-el-festival-de-perelada-con-un-recital-de-gran-riqueza-vocal-e-interpretativa\/#primaryimage"},"thumbnailUrl":"http:\/\/www.e-imusica.com\/wp-content\/uploads\/2025\/07\/FF_9710-scaled.jpg","articleSection":["Uncategorized"],"inLanguage":"en-GB"},{"@type":"WebPage","@id":"http:\/\/www.e-imusica.com\/joyce-didonato-debuta-en-el-festival-de-perelada-con-un-recital-de-gran-riqueza-vocal-e-interpretativa\/","url":"http:\/\/www.e-imusica.com\/joyce-didonato-debuta-en-el-festival-de-perelada-con-un-recital-de-gran-riqueza-vocal-e-interpretativa\/","name":"Joyce DiDonato debuta en el Festival de Perelada \u00abcon un recital de gran riqueza vocal e interpretativa\u00bb - imusica","isPartOf":{"@id":"http:\/\/www.e-imusica.com\/#website"},"primaryImageOfPage":{"@id":"http:\/\/www.e-imusica.com\/joyce-didonato-debuta-en-el-festival-de-perelada-con-un-recital-de-gran-riqueza-vocal-e-interpretativa\/#primaryimage"},"image":{"@id":"http:\/\/www.e-imusica.com\/joyce-didonato-debuta-en-el-festival-de-perelada-con-un-recital-de-gran-riqueza-vocal-e-interpretativa\/#primaryimage"},"thumbnailUrl":"http:\/\/www.e-imusica.com\/wp-content\/uploads\/2025\/07\/FF_9710-scaled.jpg","datePublished":"2025-07-04T16:54:46+00:00","author":{"@id":"http:\/\/www.e-imusica.com\/#\/schema\/person\/8188caf199490748af350a91ec5f069c"},"breadcrumb":{"@id":"http:\/\/www.e-imusica.com\/joyce-didonato-debuta-en-el-festival-de-perelada-con-un-recital-de-gran-riqueza-vocal-e-interpretativa\/#breadcrumb"},"inLanguage":"en-GB","potentialAction":[{"@type":"ReadAction","target":["http:\/\/www.e-imusica.com\/joyce-didonato-debuta-en-el-festival-de-perelada-con-un-recital-de-gran-riqueza-vocal-e-interpretativa\/"]}]},{"@type":"ImageObject","inLanguage":"en-GB","@id":"http:\/\/www.e-imusica.com\/joyce-didonato-debuta-en-el-festival-de-perelada-con-un-recital-de-gran-riqueza-vocal-e-interpretativa\/#primaryimage","url":"http:\/\/www.e-imusica.com\/wp-content\/uploads\/2025\/07\/FF_9710-scaled.jpg","contentUrl":"http:\/\/www.e-imusica.com\/wp-content\/uploads\/2025\/07\/FF_9710-scaled.jpg","width":2560,"height":1708},{"@type":"BreadcrumbList","@id":"http:\/\/www.e-imusica.com\/joyce-didonato-debuta-en-el-festival-de-perelada-con-un-recital-de-gran-riqueza-vocal-e-interpretativa\/#breadcrumb","itemListElement":[{"@type":"ListItem","position":1,"name":"Portada","item":"https:\/\/www.e-imusica.com\/"},{"@type":"ListItem","position":2,"name":"Joyce DiDonato debuta en el Festival de Perelada \u00abcon un recital de gran riqueza vocal e interpretativa\u00bb"}]},{"@type":"WebSite","@id":"http:\/\/www.e-imusica.com\/#website","url":"http:\/\/www.e-imusica.com\/","name":"Imusica","description":"Iniciativas Musicales SL","potentialAction":[{"@type":"SearchAction","target":{"@type":"EntryPoint","urlTemplate":"http:\/\/www.e-imusica.com\/?s={search_term_string}"},"query-input":{"@type":"PropertyValueSpecification","valueRequired":true,"valueName":"search_term_string"}}],"inLanguage":"en-GB"},{"@type":"Person","@id":"http:\/\/www.e-imusica.com\/#\/schema\/person\/8188caf199490748af350a91ec5f069c","name":"B\u00e1rbara Trejo","image":{"@type":"ImageObject","inLanguage":"en-GB","@id":"https:\/\/secure.gravatar.com\/avatar\/d19894c88263bd9071e9153832ac95a57d52cba71c51b94ce690d99d85a44ac5?s=96&d=mm&r=g","url":"https:\/\/secure.gravatar.com\/avatar\/d19894c88263bd9071e9153832ac95a57d52cba71c51b94ce690d99d85a44ac5?s=96&d=mm&r=g","contentUrl":"https:\/\/secure.gravatar.com\/avatar\/d19894c88263bd9071e9153832ac95a57d52cba71c51b94ce690d99d85a44ac5?s=96&d=mm&r=g","caption":"B\u00e1rbara Trejo"},"url":"http:\/\/www.e-imusica.com\/en\/author\/barbara\/"}]}},"_links":{"self":[{"href":"http:\/\/www.e-imusica.com\/en\/wp-json\/wp\/v2\/posts\/7077","targetHints":{"allow":["GET"]}}],"collection":[{"href":"http:\/\/www.e-imusica.com\/en\/wp-json\/wp\/v2\/posts"}],"about":[{"href":"http:\/\/www.e-imusica.com\/en\/wp-json\/wp\/v2\/types\/post"}],"author":[{"embeddable":true,"href":"http:\/\/www.e-imusica.com\/en\/wp-json\/wp\/v2\/users\/8"}],"replies":[{"embeddable":true,"href":"http:\/\/www.e-imusica.com\/en\/wp-json\/wp\/v2\/comments?post=7077"}],"version-history":[{"count":8,"href":"http:\/\/www.e-imusica.com\/en\/wp-json\/wp\/v2\/posts\/7077\/revisions"}],"predecessor-version":[{"id":7087,"href":"http:\/\/www.e-imusica.com\/en\/wp-json\/wp\/v2\/posts\/7077\/revisions\/7087"}],"wp:featuredmedia":[{"embeddable":true,"href":"http:\/\/www.e-imusica.com\/en\/wp-json\/wp\/v2\/media\/7079"}],"wp:attachment":[{"href":"http:\/\/www.e-imusica.com\/en\/wp-json\/wp\/v2\/media?parent=7077"}],"wp:term":[{"taxonomy":"category","embeddable":true,"href":"http:\/\/www.e-imusica.com\/en\/wp-json\/wp\/v2\/categories?post=7077"},{"taxonomy":"post_tag","embeddable":true,"href":"http:\/\/www.e-imusica.com\/en\/wp-json\/wp\/v2\/tags?post=7077"}],"curies":[{"name":"wp","href":"https:\/\/api.w.org\/{rel}","templated":true}]}}