{"id":7003,"date":"2025-06-04T13:59:16","date_gmt":"2025-06-04T13:59:16","guid":{"rendered":"https:\/\/www.e-imusica.com\/?p=7003"},"modified":"2025-06-04T16:18:27","modified_gmt":"2025-06-04T16:18:27","slug":"leonardo-garcia-alarcon-y-bintou-dembele-reinventan-las-indias-galantes-en-el-escenario-del-teatro-real","status":"publish","type":"post","link":"http:\/\/www.e-imusica.com\/en\/leonardo-garcia-alarcon-y-bintou-dembele-reinventan-las-indias-galantes-en-el-escenario-del-teatro-real\/","title":{"rendered":"Leonardo Garc\u00eda-Alarc\u00f3n y Bintou Demb\u00e9l\u00e9 reinventan Las Indias Galantes en el escenario del Teatro Real"},"content":{"rendered":"<p>[et_pb_section fb_built=\u00bb1&#8243; _builder_version=\u00bb4.24.3&#8243; _module_preset=\u00bbdefault\u00bb da_disable_devices=\u00bboff|off|off\u00bb global_colors_info=\u00bb{}\u00bb da_is_popup=\u00bboff\u00bb da_exit_intent=\u00bboff\u00bb da_has_close=\u00bbon\u00bb da_alt_close=\u00bboff\u00bb da_dark_close=\u00bboff\u00bb da_not_modal=\u00bbon\u00bb da_is_singular=\u00bboff\u00bb da_with_loader=\u00bboff\u00bb da_has_shadow=\u00bbon\u00bb][et_pb_row _builder_version=\u00bb4.22.0&#8243; _module_preset=\u00bbdefault\u00bb global_colors_info=\u00bb{}\u00bb][et_pb_column type=\u00bb4_4&#8243; _builder_version=\u00bb4.22.0&#8243; _module_preset=\u00bbdefault\u00bb global_colors_info=\u00bb{}\u00bb][et_pb_post_title meta=\u00bboff\u00bb date_format=\u00bbd\/m\/y\u00bb featured_image=\u00bboff\u00bb _builder_version=\u00bb4.25.0&#8243; _module_preset=\u00bbdefault\u00bb title_font=\u00bbBodoni Moda|600||||on|||\u00bb title_text_align=\u00bbcenter\u00bb title_font_size=\u00bb3vw\u00bb title_letter_spacing=\u00bb-0.5px\u00bb title_line_height=\u00bb1.6em\u00bb meta_text_align=\u00bbcenter\u00bb meta_text_color=\u00bb#000000&#8243; meta_font_size=\u00bb16px\u00bb width=\u00bb80%\u00bb width_tablet=\u00bb100%\u00bb width_phone=\u00bb100%\u00bb width_last_edited=\u00bbon|desktop\u00bb module_alignment=\u00bbcenter\u00bb title_font_size_tablet=\u00bb24px\u00bb title_font_size_phone=\u00bb25px\u00bb title_font_size_last_edited=\u00bbon|phone\u00bb title_line_height_tablet=\u00bb1.6em\u00bb title_line_height_phone=\u00bb1.2em\u00bb title_line_height_last_edited=\u00bbon|phone\u00bb meta_font_size_tablet=\u00bb15px\u00bb meta_font_size_phone=\u00bb15px\u00bb meta_font_size_last_edited=\u00bbon|desktop\u00bb global_colors_info=\u00bb{}\u00bb title_font_size__hover_enabled=\u00bboff|desktop\u00bb][\/et_pb_post_title][\/et_pb_column][\/et_pb_row][et_pb_row column_structure=\u00bb1_2,1_2&#8243; use_custom_gutter=\u00bbon\u00bb gutter_width=\u00bb1&#8243; make_equal=\u00bbon\u00bb _builder_version=\u00bb4.24.3&#8243; _module_preset=\u00bbdefault\u00bb width=\u00bb92%\u00bb width_tablet=\u00bb\u00bb width_phone=\u00bb\u00bb width_last_edited=\u00bbon|phone\u00bb max_width=\u00bb1920px\u00bb module_alignment=\u00bbcenter\u00bb global_colors_info=\u00bb{}\u00bb][et_pb_column type=\u00bb1_2&#8243; _builder_version=\u00bb4.24.3&#8243; _module_preset=\u00bbdefault\u00bb hover_enabled=\u00bb0&#8243; global_colors_info=\u00bb{}\u00bb sticky_enabled=\u00bb0&#8243;][et_pb_post_title meta=\u00bboff\u00bb date_format=\u00bbd\/m\/y\u00bb featured_placement=\u00bbabove\u00bb title_tablet=\u00bb\u00bb title_phone=\u00bboff\u00bb title_last_edited=\u00bbon|phone\u00bb _builder_version=\u00bb4.27.4&#8243; _module_preset=\u00bbdefault\u00bb title_font=\u00bb||||||||\u00bb title_text_align=\u00bbleft\u00bb title_text_color=\u00bb#FFFFFF\u00bb title_font_size=\u00bb17px\u00bb title_line_height=\u00bb1.2em\u00bb meta_text_align=\u00bbcenter\u00bb meta_text_color=\u00bb#000000&#8243; meta_font_size=\u00bb16px\u00bb background_color=\u00bb#bcbcbc\u00bb width_tablet=\u00bb100%\u00bb width_phone=\u00bb100%\u00bb width_last_edited=\u00bboff|desktop\u00bb module_alignment=\u00bbcenter\u00bb custom_margin=\u00bb||0px||false|false\u00bb custom_margin_tablet=\u00bb0px||||false|false\u00bb custom_margin_phone=\u00bb\u00bb custom_margin_last_edited=\u00bbon|tablet\u00bb custom_padding=\u00bb10px|70px||10px|false|false\u00bb custom_padding_tablet=\u00bb10px|11px||11px|false|true\u00bb custom_padding_phone=\u00bb7px|7px|0px|7px|false|true\u00bb custom_padding_last_edited=\u00bbon|phone\u00bb hover_enabled=\u00bb0&#8243; title_font_size_tablet=\u00bb24px\u00bb title_font_size_phone=\u00bb20px\u00bb title_font_size_last_edited=\u00bbon|phone\u00bb meta_font_size_tablet=\u00bb15px\u00bb meta_font_size_phone=\u00bb15px\u00bb meta_font_size_last_edited=\u00bbon|desktop\u00bb background_color_phone=\u00bbRGBA(255,255,255,0)\u00bb background_last_edited=\u00bboff|desktop\u00bb background_enable_color_phone=\u00bbon\u00bb global_colors_info=\u00bb{}\u00bb title_font_size__hover_enabled=\u00bboff|desktop\u00bb sticky_enabled=\u00bb0&#8243;][\/et_pb_post_title][et_pb_text admin_label=\u00bbcr\u00e9ditos imagen\u00bb _builder_version=\u00bb4.27.4&#8243; _module_preset=\u00bbdefault\u00bb text_text_color=\u00bb#bcbcbc\u00bb background_color=\u00bb#232323&#8243; positioning=\u00bbabsolute\u00bb text_orientation=\u00bbright\u00bb width=\u00bb100%\u00bb custom_margin=\u00bb20px|||22vw|false|false\u00bb custom_margin_tablet=\u00bb17px|||0px|false|false\u00bb custom_margin_phone=\u00bb7px||||false|false\u00bb custom_margin_last_edited=\u00bbon|phone\u00bb custom_padding=\u00bb|30vw||0px|false|false\u00bb custom_padding_tablet=\u00bb|24px||24px|false|true\u00bb custom_padding_phone=\u00bb|11px||11px|false|true\u00bb custom_padding_last_edited=\u00bbon|phone\u00bb text_font_size_tablet=\u00bb\u00bb text_font_size_phone=\u00bb12px\u00bb text_font_size_last_edited=\u00bbon|phone\u00bb text_line_height_tablet=\u00bb\u00bb text_line_height_phone=\u00bb1.5em\u00bb text_line_height_last_edited=\u00bbon|phone\u00bb text_orientation_tablet=\u00bb\u00bb text_orientation_phone=\u00bb\u00bb text_orientation_last_edited=\u00bbon|phone\u00bb global_colors_info=\u00bb{}\u00bb]<\/p>\n<p>\u00a9Javier del Real<\/p>\n<p>[\/et_pb_text][\/et_pb_column][et_pb_column type=\u00bb1_2&#8243; _builder_version=\u00bb4.24.3&#8243; _module_preset=\u00bbdefault\u00bb global_colors_info=\u00bb{}\u00bb][et_pb_text _builder_version=\u00bb4.27.4&#8243; _module_preset=\u00bbdefault\u00bb text_font=\u00bb|600|||||||\u00bb text_text_color=\u00bb#000000&#8243; text_font_size=\u00bb15px\u00bb text_line_height=\u00bb1.3em\u00bb link_font=\u00bb|600||||on|||\u00bb link_text_align=\u00bbcenter\u00bb link_text_color=\u00bb#E02B20&#8243; link_font_size=\u00bb17px\u00bb link_letter_spacing=\u00bb0.5px\u00bb link_line_height=\u00bb1.1em\u00bb header_3_font=\u00bb||||||||\u00bb header_3_text_align=\u00bbcenter\u00bb header_3_text_color=\u00bb#3f0000&#8243; header_3_line_height=\u00bb1.1em\u00bb header_5_font=\u00bb|700|||||||\u00bb header_5_text_align=\u00bbright\u00bb header_5_text_color=\u00bb#f7f7f7&#8243; header_5_font_size=\u00bb14px\u00bb custom_margin=\u00bb10px||10px|-40px|true|false\u00bb custom_margin_tablet=\u00bb|||0px|true|false\u00bb custom_margin_phone=\u00bb\u00bb custom_margin_last_edited=\u00bbon|tablet\u00bb custom_padding=\u00bb15px|40px|15px|15px|true|false\u00bb custom_padding_tablet=\u00bb20px|25px|20px|25px|true|true\u00bb custom_padding_phone=\u00bb\u00bb custom_padding_last_edited=\u00bbon|tablet\u00bb hover_transition_duration=\u00bb550ms\u00bb background_color_tablet=\u00bb#bcbcbc\u00bb background_color_phone=\u00bb#bcbcbc\u00bb background_last_edited=\u00bbon|phone\u00bb background_enable_color_tablet=\u00bbon\u00bb background_enable_color_phone=\u00bbon\u00bb global_colors_info=\u00bb{}\u00bb link_letter_spacing__hover_enabled=\u00bbon|hover\u00bb link_letter_spacing__hover=\u00bb1px\u00bb link_line_height__hover_enabled=\u00bbon|hover\u00bb link_line_height__hover=\u00bb1.7em\u00bb link_font_size__hover_enabled=\u00bbon|desktop\u00bb link_font_size__hover=\u00bb18px\u00bb]<\/p>\n<h3>Las Indias galantes en el Teatro Real: torbellino barroco y urbano<\/h3>\n<p>[&#8230;] La direcci\u00f3n art\u00edstica de Demb\u00e9l\u00e9, en complicidad con Cl\u00e9ment Cogitore, convierte los tableaux de Rameau en un fresco contempor\u00e1neo, un lienzo donde lo barroco y lo urbano se abrazan. Aqu\u00ed no hay exotismo academicista, sino una mirada poscolonial y queer que reivindica la pluralidad. [&#8230;]<\/p>\n<p>Al frente, Leonardo Garc\u00eda-Alarc\u00f3n, el alquimista del sonido, el demiurgo de la batuta que dirige la Cappella Mediterranea e insufla vida a la partitura de Rameau. Su direcci\u00f3n es un prodigio de equilibrio: respeta la filigrana barroca, sus arabescos mel\u00f3dicos, sus ritmos que laten con la urgencia de un coraz\u00f3n enamorado, pero tambi\u00e9n los dota de una energ\u00eda que resuena con la calle, con el asfalto, con cristales rotos y pavimentos sucios. Garc\u00eda-Alarc\u00f3n no solo dirige: conversa con Demb\u00e9l\u00e9, con los bailarines, con el p\u00fablico. [&#8230;]<\/p>\n<h5>\u00a0EL IMPARCIAL | David Felipe Arranz | 02\/06\/2025<\/h5>\n<p style=\"text-align: center;\"><a href=\"https:\/\/www.elimparcial.es\/noticia\/284265\/opinion\/las-indias-galantes-en-el-teatro-real:-torbellino-barroco-y-urbano.html\" target=\"_blank\" rel=\"noopener\">\u00a0&#8230; leer noticia completa<\/a><\/p>\n<p>[\/et_pb_text][et_pb_text disabled_on=\u00bbon|on|off\u00bb admin_label=\u00bbfondo\u00bb _builder_version=\u00bb4.24.3&#8243; _module_preset=\u00bbdefault\u00bb background_color=\u00bb#bcbcbc\u00bb positioning=\u00bbabsolute\u00bb z_index=\u00bb-115&#8243; width=\u00bb108%\u00bb height=\u00bb100%\u00bb custom_margin=\u00bb|||-60px|false|false\u00bb custom_padding=\u00bb20px|||125px|false|false\u00bb global_colors_info=\u00bb{}\u00bb][\/et_pb_text][et_pb_text _builder_version=\u00bb4.27.4&#8243; _module_preset=\u00bbdefault\u00bb text_font=\u00bb|600|||||||\u00bb text_text_color=\u00bb#000000&#8243; text_font_size=\u00bb15px\u00bb text_line_height=\u00bb1.3em\u00bb link_font=\u00bb|600||||on|||\u00bb link_text_align=\u00bbcenter\u00bb link_text_color=\u00bb#E02B20&#8243; link_font_size=\u00bb17px\u00bb link_letter_spacing=\u00bb0.5px\u00bb link_line_height=\u00bb1.1em\u00bb header_3_font=\u00bb||||||||\u00bb header_3_text_align=\u00bbcenter\u00bb header_3_text_color=\u00bb#3f0000&#8243; header_3_line_height=\u00bb1.1em\u00bb header_5_font=\u00bb|700|||||||\u00bb header_5_text_align=\u00bbright\u00bb header_5_text_color=\u00bb#f7f7f7&#8243; header_5_font_size=\u00bb14px\u00bb custom_margin=\u00bb10px||10px|-40px|true|false\u00bb custom_margin_tablet=\u00bb|||0px|true|false\u00bb custom_margin_phone=\u00bb\u00bb custom_margin_last_edited=\u00bbon|tablet\u00bb custom_padding=\u00bb15px|40px|15px|15px|true|false\u00bb custom_padding_tablet=\u00bb20px|25px|20px|25px|true|true\u00bb custom_padding_phone=\u00bb\u00bb custom_padding_last_edited=\u00bbon|tablet\u00bb hover_transition_duration=\u00bb550ms\u00bb background_color_tablet=\u00bb#bcbcbc\u00bb background_color_phone=\u00bb#bcbcbc\u00bb background_last_edited=\u00bbon|phone\u00bb background_enable_color_tablet=\u00bbon\u00bb background_enable_color_phone=\u00bbon\u00bb global_colors_info=\u00bb{}\u00bb link_letter_spacing__hover_enabled=\u00bbon|hover\u00bb link_letter_spacing__hover=\u00bb1px\u00bb link_line_height__hover_enabled=\u00bbon|hover\u00bb link_line_height__hover=\u00bb1.7em\u00bb link_font_size__hover_enabled=\u00bbon|desktop\u00bb link_font_size__hover=\u00bb18px\u00bb]<\/p>\n<h3>Leonardo Garc\u00eda-Alarc\u00f3n y Bintou Demb\u00e9l\u00e9 presentan &#8216;Las indias galantes&#8217; de Rameau en el Teatro Real <\/h3>\n<p>El director musical argentino, Leonardo Garc\u00eda Alarc\u00f3n, elev\u00f3 el list\u00f3n musical para reivindicar una m\u00fasica que puede dejar ojipl\u00e1tico al mel\u00f3mano menos versado [&#8230;]<\/p>\n<p>Con su conjunto Cappella Mediterranea, y un  reducido grupo de cuatro magn\u00edficos cantantes solistas que se repartieron los diecisiete roles que contiene esta extraordinaria \u00f3pera, Alarc\u00f3n traz\u00f3 un a direcci\u00f3n musical de primer nivel. Viveza, contrastes, llena de energ\u00eda, donde la pulsaci\u00f3n barroca se transform\u00f3 en un ritmo musical y dram\u00e1tico como un torbellino que galvaniz\u00f3 un equipo musical de primer nivel.<\/p>\n<h5>\u00a0PLATEA MAGAZINE | Jordi Maddaleno | 01\/06\/2025<\/h5>\n<p style=\"text-align: center;\"><a href=\"https:\/\/www.plateamagazine.com\/criticas\/18649-leonardo-garcia-alarcon-y-bintou-dembele-presentan-las-indias-galantes-de-rameau-en-el-teatro-real\" target=\"_blank\" rel=\"noopener\">\u00a0&#8230; leer noticia completa<\/a><\/p>\n<p>[\/et_pb_text][et_pb_text _builder_version=\u00bb4.27.4&#8243; _module_preset=\u00bbdefault\u00bb text_font=\u00bb|600|||||||\u00bb text_text_color=\u00bb#000000&#8243; text_font_size=\u00bb15px\u00bb text_line_height=\u00bb1.3em\u00bb link_font=\u00bb|600||||on|||\u00bb link_text_align=\u00bbcenter\u00bb link_text_color=\u00bb#E02B20&#8243; link_font_size=\u00bb17px\u00bb link_letter_spacing=\u00bb0.5px\u00bb link_line_height=\u00bb1.1em\u00bb header_3_font=\u00bb||||||||\u00bb header_3_text_align=\u00bbcenter\u00bb header_3_text_color=\u00bb#3f0000&#8243; header_3_line_height=\u00bb1.1em\u00bb header_5_font=\u00bb|700|||||||\u00bb header_5_text_align=\u00bbright\u00bb header_5_text_color=\u00bb#f7f7f7&#8243; header_5_font_size=\u00bb14px\u00bb custom_margin=\u00bb10px||10px|-40px|true|false\u00bb custom_margin_tablet=\u00bb|||0px|true|false\u00bb custom_margin_phone=\u00bb\u00bb custom_margin_last_edited=\u00bbon|tablet\u00bb custom_padding=\u00bb15px|40px|15px|15px|true|false\u00bb custom_padding_tablet=\u00bb20px|25px|20px|25px|true|true\u00bb custom_padding_phone=\u00bb\u00bb custom_padding_last_edited=\u00bbon|tablet\u00bb hover_transition_duration=\u00bb550ms\u00bb background_color_tablet=\u00bb#bcbcbc\u00bb background_color_phone=\u00bb#bcbcbc\u00bb background_last_edited=\u00bbon|phone\u00bb background_enable_color_tablet=\u00bbon\u00bb background_enable_color_phone=\u00bbon\u00bb global_colors_info=\u00bb{}\u00bb link_letter_spacing__hover_enabled=\u00bbon|hover\u00bb link_letter_spacing__hover=\u00bb1px\u00bb link_line_height__hover_enabled=\u00bbon|hover\u00bb link_line_height__hover=\u00bb1.7em\u00bb link_font_size__hover_enabled=\u00bbon|desktop\u00bb link_font_size__hover=\u00bb18px\u00bb]<\/p>\n<h3>La m\u00fasica salva de nuevo el \u201cStar Wars\u201d barroco en el Teatro Real<\/h3>\n<p>La direcci\u00f3n musical fue el alma del espect\u00e1culo. Leonardo Garc\u00eda-Alarc\u00f3n, director argentino [&#8230;] volvi\u00f3 a demostrar por qu\u00e9 es uno de los grandes especialistas del repertorio barroco actual. Al frente de su conjunto Cappella Mediterranea, construy\u00f3 una lectura vibrante, rica en colores, atenta al detalle y con un sentido del ritmo infalible.<\/p>\n<p>La orquesta son\u00f3 con una mezcla deliciosa de elegancia francesa y pasi\u00f3n latinoamericana. Los contrastes din\u00e1micos, los acentos teatrales, el fraseo danzante y los juegos entre las maderas y las cuerdas estuvieron siempre al servicio del drama. [&#8230;]<\/p>\n<h5>\u00a0MADRID ACTUAL | Preslava Boneva | 02\/06\/2025<\/h5>\n<p style=\"text-align: center;\"><a href=\"https:\/\/www.madridactual.es\/ocio-y-cultura\/cultura\/la-musica-salva-de-nuevo-el-star-wars-barroco-en-el-teatro-real-20250602-8035487.html\" target=\"_blank\" rel=\"noopener\">\u00a0&#8230; leer noticia completa<\/a><\/p>\n<p>[\/et_pb_text][et_pb_text _builder_version=\u00bb4.27.4&#8243; _module_preset=\u00bbdefault\u00bb text_font=\u00bb|600|||||||\u00bb text_text_color=\u00bb#000000&#8243; text_font_size=\u00bb15px\u00bb text_line_height=\u00bb1.3em\u00bb link_font=\u00bb|600||||on|||\u00bb link_text_align=\u00bbcenter\u00bb link_text_color=\u00bb#E02B20&#8243; link_font_size=\u00bb17px\u00bb link_letter_spacing=\u00bb0.5px\u00bb link_line_height=\u00bb1.1em\u00bb header_3_font=\u00bb||||||||\u00bb header_3_text_align=\u00bbcenter\u00bb header_3_text_color=\u00bb#3f0000&#8243; header_3_line_height=\u00bb1.1em\u00bb header_5_font=\u00bb|700|||||||\u00bb header_5_text_align=\u00bbright\u00bb header_5_text_color=\u00bb#f7f7f7&#8243; header_5_font_size=\u00bb14px\u00bb custom_margin=\u00bb10px||10px|-40px|true|false\u00bb custom_margin_tablet=\u00bb|||0px|true|false\u00bb custom_margin_phone=\u00bb\u00bb custom_margin_last_edited=\u00bbon|tablet\u00bb custom_padding=\u00bb15px|40px|15px|15px|true|false\u00bb custom_padding_tablet=\u00bb20px|25px|20px|25px|true|true\u00bb custom_padding_phone=\u00bb\u00bb custom_padding_last_edited=\u00bbon|tablet\u00bb hover_transition_duration=\u00bb550ms\u00bb background_color_tablet=\u00bb#bcbcbc\u00bb background_color_phone=\u00bb#bcbcbc\u00bb background_last_edited=\u00bbon|phone\u00bb background_enable_color_tablet=\u00bbon\u00bb background_enable_color_phone=\u00bbon\u00bb global_colors_info=\u00bb{}\u00bb link_letter_spacing__hover_enabled=\u00bbon|hover\u00bb link_letter_spacing__hover=\u00bb1px\u00bb link_line_height__hover_enabled=\u00bbon|hover\u00bb link_line_height__hover=\u00bb1.7em\u00bb link_font_size__hover_enabled=\u00bbon|desktop\u00bb link_font_size__hover=\u00bb18px\u00bb]<\/p>\n<h3>Otros titulares<\/h3>\n<p style=\"text-align: center;\"><a href=\"https:\/\/elpais.com\/cultura\/2025-05-28\/el-rameau-mas-salvaje-llega-al-teatro-real-en-un-drama-queer-a-ritmo-de-hip-hop.html\" target=\"_blank\" rel=\"noopener\">\u00a0el pa\u00eds<\/a><\/p>\n<p style=\"text-align: center;\"><a href=\"https:\/\/scherzo.es\/madrid-les-indes-galantes-en-la-calle\/?cmplz-force-reload=1748882388893\" target=\"_blank\" rel=\"noopener\">\u00a0scherzo<\/a><\/p>\n<p style=\"text-align: center;\"><a href=\"https:\/\/www.beckmesser.com\/las-indias-galantes-teatro-real-imparable\/\" target=\"_blank\" rel=\"noopener\">\u00a0beckmesser<\/a><\/p>\n<p style=\"text-align: center;\"><a href=\"https:\/\/bachtrack.com\/fr_FR\/critica-madrid-teatro-real-indes-galantes-garcia-alarcon-dembele-capella-mediterranea-quintans-roset-wolf-mayo-2025\" target=\"_blank\" rel=\"noopener\">\u00a0bachtrack<\/a><\/p>\n<p>[\/et_pb_text][\/et_pb_column][\/et_pb_row][\/et_pb_section]<\/p>","protected":false},"excerpt":{"rendered":"<p>\u00a9Javier del RealLas Indias galantes en el Teatro Real: torbellino barroco y urbano [&#8230;] La direcci\u00f3n art\u00edstica de Demb\u00e9l\u00e9, en complicidad con Cl\u00e9ment Cogitore, convierte los tableaux de Rameau en un fresco contempor\u00e1neo, un lienzo donde lo barroco y lo urbano se abrazan. Aqu\u00ed no hay exotismo academicista, sino una mirada poscolonial y queer que [&hellip;]<\/p>","protected":false},"author":8,"featured_media":6989,"comment_status":"closed","ping_status":"closed","sticky":false,"template":"","format":"standard","meta":{"_et_pb_use_builder":"on","_et_pb_old_content":"","_et_gb_content_width":"2880","footnotes":""},"categories":[1],"tags":[],"class_list":["post-7003","post","type-post","status-publish","format-standard","has-post-thumbnail","hentry","category-uncategorized"],"yoast_head":"<!-- This site is optimized with the Yoast SEO plugin v27.5 - https:\/\/yoast.com\/product\/yoast-seo-wordpress\/ -->\n<title>Leonardo Garc\u00eda-Alarc\u00f3n y Bintou Demb\u00e9l\u00e9 reinventan Las Indias Galantes en el escenario del Teatro Real - imusica<\/title>\n<meta name=\"robots\" content=\"index, follow, max-snippet:-1, max-image-preview:large, max-video-preview:-1\" \/>\n<link rel=\"canonical\" href=\"http:\/\/www.e-imusica.com\/en\/leonardo-garcia-alarcon-y-bintou-dembele-reinventan-las-indias-galantes-en-el-escenario-del-teatro-real\/\" \/>\n<meta property=\"og:locale\" content=\"en_GB\" \/>\n<meta property=\"og:type\" content=\"article\" \/>\n<meta property=\"og:title\" content=\"Leonardo Garc\u00eda-Alarc\u00f3n y Bintou Demb\u00e9l\u00e9 reinventan Las Indias Galantes en el escenario del Teatro Real - imusica\" \/>\n<meta property=\"og:description\" content=\"\u00a9Javier del RealLas Indias galantes en el Teatro Real: torbellino barroco y urbano [...] La direcci\u00f3n art\u00edstica de Demb\u00e9l\u00e9, en complicidad con Cl\u00e9ment Cogitore, convierte los tableaux de Rameau en un fresco contempor\u00e1neo, un lienzo donde lo barroco y lo urbano se abrazan. Aqu\u00ed no hay exotismo academicista, sino una mirada poscolonial y queer que [&hellip;]\" \/>\n<meta property=\"og:url\" content=\"http:\/\/www.e-imusica.com\/en\/leonardo-garcia-alarcon-y-bintou-dembele-reinventan-las-indias-galantes-en-el-escenario-del-teatro-real\/\" \/>\n<meta property=\"og:site_name\" content=\"imusica\" \/>\n<meta property=\"article:published_time\" content=\"2025-06-04T13:59:16+00:00\" \/>\n<meta property=\"article:modified_time\" content=\"2025-06-04T16:18:27+00:00\" \/>\n<meta property=\"og:image\" content=\"http:\/\/www.e-imusica.com\/wp-content\/uploads\/2025\/06\/leonardo-garci-a-alarco-n-y-bintou-dembe-le-saludando-al-final-de-representacio-n.jpeg\" \/>\n\t<meta property=\"og:image:width\" content=\"590\" \/>\n\t<meta property=\"og:image:height\" content=\"369\" \/>\n\t<meta property=\"og:image:type\" content=\"image\/jpeg\" \/>\n<meta name=\"author\" content=\"B\u00e1rbara Trejo\" \/>\n<meta name=\"twitter:card\" content=\"summary_large_image\" \/>\n<meta name=\"twitter:label1\" content=\"Written by\" \/>\n\t<meta name=\"twitter:data1\" content=\"B\u00e1rbara Trejo\" \/>\n\t<meta name=\"twitter:label2\" content=\"Estimated reading time\" \/>\n\t<meta name=\"twitter:data2\" content=\"2 minutes\" \/>\n<script type=\"application\/ld+json\" class=\"yoast-schema-graph\">{\"@context\":\"https:\\\/\\\/schema.org\",\"@graph\":[{\"@type\":\"Article\",\"@id\":\"http:\\\/\\\/www.e-imusica.com\\\/leonardo-garcia-alarcon-y-bintou-dembele-reinventan-las-indias-galantes-en-el-escenario-del-teatro-real\\\/#article\",\"isPartOf\":{\"@id\":\"http:\\\/\\\/www.e-imusica.com\\\/leonardo-garcia-alarcon-y-bintou-dembele-reinventan-las-indias-galantes-en-el-escenario-del-teatro-real\\\/\"},\"author\":{\"name\":\"B\u00e1rbara Trejo\",\"@id\":\"http:\\\/\\\/www.e-imusica.com\\\/#\\\/schema\\\/person\\\/8188caf199490748af350a91ec5f069c\"},\"headline\":\"Leonardo Garc\u00eda-Alarc\u00f3n y Bintou Demb\u00e9l\u00e9 reinventan Las Indias Galantes en el escenario del Teatro Real\",\"datePublished\":\"2025-06-04T13:59:16+00:00\",\"dateModified\":\"2025-06-04T16:18:27+00:00\",\"mainEntityOfPage\":{\"@id\":\"http:\\\/\\\/www.e-imusica.com\\\/leonardo-garcia-alarcon-y-bintou-dembele-reinventan-las-indias-galantes-en-el-escenario-del-teatro-real\\\/\"},\"wordCount\":1853,\"image\":{\"@id\":\"http:\\\/\\\/www.e-imusica.com\\\/leonardo-garcia-alarcon-y-bintou-dembele-reinventan-las-indias-galantes-en-el-escenario-del-teatro-real\\\/#primaryimage\"},\"thumbnailUrl\":\"http:\\\/\\\/www.e-imusica.com\\\/wp-content\\\/uploads\\\/2025\\\/06\\\/leonardo-garci-a-alarco-n-y-bintou-dembe-le-saludando-al-final-de-representacio-n.jpeg\",\"articleSection\":[\"Uncategorized\"],\"inLanguage\":\"en-GB\"},{\"@type\":\"WebPage\",\"@id\":\"http:\\\/\\\/www.e-imusica.com\\\/leonardo-garcia-alarcon-y-bintou-dembele-reinventan-las-indias-galantes-en-el-escenario-del-teatro-real\\\/\",\"url\":\"http:\\\/\\\/www.e-imusica.com\\\/leonardo-garcia-alarcon-y-bintou-dembele-reinventan-las-indias-galantes-en-el-escenario-del-teatro-real\\\/\",\"name\":\"Leonardo Garc\u00eda-Alarc\u00f3n y Bintou Demb\u00e9l\u00e9 reinventan Las Indias Galantes en el escenario del Teatro Real - imusica\",\"isPartOf\":{\"@id\":\"http:\\\/\\\/www.e-imusica.com\\\/#website\"},\"primaryImageOfPage\":{\"@id\":\"http:\\\/\\\/www.e-imusica.com\\\/leonardo-garcia-alarcon-y-bintou-dembele-reinventan-las-indias-galantes-en-el-escenario-del-teatro-real\\\/#primaryimage\"},\"image\":{\"@id\":\"http:\\\/\\\/www.e-imusica.com\\\/leonardo-garcia-alarcon-y-bintou-dembele-reinventan-las-indias-galantes-en-el-escenario-del-teatro-real\\\/#primaryimage\"},\"thumbnailUrl\":\"http:\\\/\\\/www.e-imusica.com\\\/wp-content\\\/uploads\\\/2025\\\/06\\\/leonardo-garci-a-alarco-n-y-bintou-dembe-le-saludando-al-final-de-representacio-n.jpeg\",\"datePublished\":\"2025-06-04T13:59:16+00:00\",\"dateModified\":\"2025-06-04T16:18:27+00:00\",\"author\":{\"@id\":\"http:\\\/\\\/www.e-imusica.com\\\/#\\\/schema\\\/person\\\/8188caf199490748af350a91ec5f069c\"},\"breadcrumb\":{\"@id\":\"http:\\\/\\\/www.e-imusica.com\\\/leonardo-garcia-alarcon-y-bintou-dembele-reinventan-las-indias-galantes-en-el-escenario-del-teatro-real\\\/#breadcrumb\"},\"inLanguage\":\"en-GB\",\"potentialAction\":[{\"@type\":\"ReadAction\",\"target\":[\"http:\\\/\\\/www.e-imusica.com\\\/leonardo-garcia-alarcon-y-bintou-dembele-reinventan-las-indias-galantes-en-el-escenario-del-teatro-real\\\/\"]}]},{\"@type\":\"ImageObject\",\"inLanguage\":\"en-GB\",\"@id\":\"http:\\\/\\\/www.e-imusica.com\\\/leonardo-garcia-alarcon-y-bintou-dembele-reinventan-las-indias-galantes-en-el-escenario-del-teatro-real\\\/#primaryimage\",\"url\":\"http:\\\/\\\/www.e-imusica.com\\\/wp-content\\\/uploads\\\/2025\\\/06\\\/leonardo-garci-a-alarco-n-y-bintou-dembe-le-saludando-al-final-de-representacio-n.jpeg\",\"contentUrl\":\"http:\\\/\\\/www.e-imusica.com\\\/wp-content\\\/uploads\\\/2025\\\/06\\\/leonardo-garci-a-alarco-n-y-bintou-dembe-le-saludando-al-final-de-representacio-n.jpeg\",\"width\":590,\"height\":369},{\"@type\":\"BreadcrumbList\",\"@id\":\"http:\\\/\\\/www.e-imusica.com\\\/leonardo-garcia-alarcon-y-bintou-dembele-reinventan-las-indias-galantes-en-el-escenario-del-teatro-real\\\/#breadcrumb\",\"itemListElement\":[{\"@type\":\"ListItem\",\"position\":1,\"name\":\"Portada\",\"item\":\"https:\\\/\\\/www.e-imusica.com\\\/\"},{\"@type\":\"ListItem\",\"position\":2,\"name\":\"Leonardo Garc\u00eda-Alarc\u00f3n y Bintou Demb\u00e9l\u00e9 reinventan Las Indias Galantes en el escenario del Teatro Real\"}]},{\"@type\":\"WebSite\",\"@id\":\"http:\\\/\\\/www.e-imusica.com\\\/#website\",\"url\":\"http:\\\/\\\/www.e-imusica.com\\\/\",\"name\":\"Imusica\",\"description\":\"Iniciativas Musicales SL\",\"potentialAction\":[{\"@type\":\"SearchAction\",\"target\":{\"@type\":\"EntryPoint\",\"urlTemplate\":\"http:\\\/\\\/www.e-imusica.com\\\/?s={search_term_string}\"},\"query-input\":{\"@type\":\"PropertyValueSpecification\",\"valueRequired\":true,\"valueName\":\"search_term_string\"}}],\"inLanguage\":\"en-GB\"},{\"@type\":\"Person\",\"@id\":\"http:\\\/\\\/www.e-imusica.com\\\/#\\\/schema\\\/person\\\/8188caf199490748af350a91ec5f069c\",\"name\":\"B\u00e1rbara Trejo\",\"image\":{\"@type\":\"ImageObject\",\"inLanguage\":\"en-GB\",\"@id\":\"https:\\\/\\\/secure.gravatar.com\\\/avatar\\\/d19894c88263bd9071e9153832ac95a57d52cba71c51b94ce690d99d85a44ac5?s=96&d=mm&r=g\",\"url\":\"https:\\\/\\\/secure.gravatar.com\\\/avatar\\\/d19894c88263bd9071e9153832ac95a57d52cba71c51b94ce690d99d85a44ac5?s=96&d=mm&r=g\",\"contentUrl\":\"https:\\\/\\\/secure.gravatar.com\\\/avatar\\\/d19894c88263bd9071e9153832ac95a57d52cba71c51b94ce690d99d85a44ac5?s=96&d=mm&r=g\",\"caption\":\"B\u00e1rbara Trejo\"},\"url\":\"http:\\\/\\\/www.e-imusica.com\\\/en\\\/author\\\/barbara\\\/\"}]}<\/script>\n<!-- \/ Yoast SEO plugin. -->","yoast_head_json":{"title":"Leonardo Garc\u00eda-Alarc\u00f3n y Bintou Demb\u00e9l\u00e9 reinventan Las Indias Galantes en el escenario del Teatro Real - imusica","robots":{"index":"index","follow":"follow","max-snippet":"max-snippet:-1","max-image-preview":"max-image-preview:large","max-video-preview":"max-video-preview:-1"},"canonical":"http:\/\/www.e-imusica.com\/en\/leonardo-garcia-alarcon-y-bintou-dembele-reinventan-las-indias-galantes-en-el-escenario-del-teatro-real\/","og_locale":"en_GB","og_type":"article","og_title":"Leonardo Garc\u00eda-Alarc\u00f3n y Bintou Demb\u00e9l\u00e9 reinventan Las Indias Galantes en el escenario del Teatro Real - imusica","og_description":"\u00a9Javier del RealLas Indias galantes en el Teatro Real: torbellino barroco y urbano [...] La direcci\u00f3n art\u00edstica de Demb\u00e9l\u00e9, en complicidad con Cl\u00e9ment Cogitore, convierte los tableaux de Rameau en un fresco contempor\u00e1neo, un lienzo donde lo barroco y lo urbano se abrazan. Aqu\u00ed no hay exotismo academicista, sino una mirada poscolonial y queer que [&hellip;]","og_url":"http:\/\/www.e-imusica.com\/en\/leonardo-garcia-alarcon-y-bintou-dembele-reinventan-las-indias-galantes-en-el-escenario-del-teatro-real\/","og_site_name":"imusica","article_published_time":"2025-06-04T13:59:16+00:00","article_modified_time":"2025-06-04T16:18:27+00:00","og_image":[{"width":590,"height":369,"url":"http:\/\/www.e-imusica.com\/wp-content\/uploads\/2025\/06\/leonardo-garci-a-alarco-n-y-bintou-dembe-le-saludando-al-final-de-representacio-n.jpeg","type":"image\/jpeg"}],"author":"B\u00e1rbara Trejo","twitter_card":"summary_large_image","twitter_misc":{"Written by":"B\u00e1rbara Trejo","Estimated reading time":"2 minutes"},"schema":{"@context":"https:\/\/schema.org","@graph":[{"@type":"Article","@id":"http:\/\/www.e-imusica.com\/leonardo-garcia-alarcon-y-bintou-dembele-reinventan-las-indias-galantes-en-el-escenario-del-teatro-real\/#article","isPartOf":{"@id":"http:\/\/www.e-imusica.com\/leonardo-garcia-alarcon-y-bintou-dembele-reinventan-las-indias-galantes-en-el-escenario-del-teatro-real\/"},"author":{"name":"B\u00e1rbara Trejo","@id":"http:\/\/www.e-imusica.com\/#\/schema\/person\/8188caf199490748af350a91ec5f069c"},"headline":"Leonardo Garc\u00eda-Alarc\u00f3n y Bintou Demb\u00e9l\u00e9 reinventan Las Indias Galantes en el escenario del Teatro Real","datePublished":"2025-06-04T13:59:16+00:00","dateModified":"2025-06-04T16:18:27+00:00","mainEntityOfPage":{"@id":"http:\/\/www.e-imusica.com\/leonardo-garcia-alarcon-y-bintou-dembele-reinventan-las-indias-galantes-en-el-escenario-del-teatro-real\/"},"wordCount":1853,"image":{"@id":"http:\/\/www.e-imusica.com\/leonardo-garcia-alarcon-y-bintou-dembele-reinventan-las-indias-galantes-en-el-escenario-del-teatro-real\/#primaryimage"},"thumbnailUrl":"http:\/\/www.e-imusica.com\/wp-content\/uploads\/2025\/06\/leonardo-garci-a-alarco-n-y-bintou-dembe-le-saludando-al-final-de-representacio-n.jpeg","articleSection":["Uncategorized"],"inLanguage":"en-GB"},{"@type":"WebPage","@id":"http:\/\/www.e-imusica.com\/leonardo-garcia-alarcon-y-bintou-dembele-reinventan-las-indias-galantes-en-el-escenario-del-teatro-real\/","url":"http:\/\/www.e-imusica.com\/leonardo-garcia-alarcon-y-bintou-dembele-reinventan-las-indias-galantes-en-el-escenario-del-teatro-real\/","name":"Leonardo Garc\u00eda-Alarc\u00f3n y Bintou Demb\u00e9l\u00e9 reinventan Las Indias Galantes en el escenario del Teatro Real - imusica","isPartOf":{"@id":"http:\/\/www.e-imusica.com\/#website"},"primaryImageOfPage":{"@id":"http:\/\/www.e-imusica.com\/leonardo-garcia-alarcon-y-bintou-dembele-reinventan-las-indias-galantes-en-el-escenario-del-teatro-real\/#primaryimage"},"image":{"@id":"http:\/\/www.e-imusica.com\/leonardo-garcia-alarcon-y-bintou-dembele-reinventan-las-indias-galantes-en-el-escenario-del-teatro-real\/#primaryimage"},"thumbnailUrl":"http:\/\/www.e-imusica.com\/wp-content\/uploads\/2025\/06\/leonardo-garci-a-alarco-n-y-bintou-dembe-le-saludando-al-final-de-representacio-n.jpeg","datePublished":"2025-06-04T13:59:16+00:00","dateModified":"2025-06-04T16:18:27+00:00","author":{"@id":"http:\/\/www.e-imusica.com\/#\/schema\/person\/8188caf199490748af350a91ec5f069c"},"breadcrumb":{"@id":"http:\/\/www.e-imusica.com\/leonardo-garcia-alarcon-y-bintou-dembele-reinventan-las-indias-galantes-en-el-escenario-del-teatro-real\/#breadcrumb"},"inLanguage":"en-GB","potentialAction":[{"@type":"ReadAction","target":["http:\/\/www.e-imusica.com\/leonardo-garcia-alarcon-y-bintou-dembele-reinventan-las-indias-galantes-en-el-escenario-del-teatro-real\/"]}]},{"@type":"ImageObject","inLanguage":"en-GB","@id":"http:\/\/www.e-imusica.com\/leonardo-garcia-alarcon-y-bintou-dembele-reinventan-las-indias-galantes-en-el-escenario-del-teatro-real\/#primaryimage","url":"http:\/\/www.e-imusica.com\/wp-content\/uploads\/2025\/06\/leonardo-garci-a-alarco-n-y-bintou-dembe-le-saludando-al-final-de-representacio-n.jpeg","contentUrl":"http:\/\/www.e-imusica.com\/wp-content\/uploads\/2025\/06\/leonardo-garci-a-alarco-n-y-bintou-dembe-le-saludando-al-final-de-representacio-n.jpeg","width":590,"height":369},{"@type":"BreadcrumbList","@id":"http:\/\/www.e-imusica.com\/leonardo-garcia-alarcon-y-bintou-dembele-reinventan-las-indias-galantes-en-el-escenario-del-teatro-real\/#breadcrumb","itemListElement":[{"@type":"ListItem","position":1,"name":"Portada","item":"https:\/\/www.e-imusica.com\/"},{"@type":"ListItem","position":2,"name":"Leonardo Garc\u00eda-Alarc\u00f3n y Bintou Demb\u00e9l\u00e9 reinventan Las Indias Galantes en el escenario del Teatro Real"}]},{"@type":"WebSite","@id":"http:\/\/www.e-imusica.com\/#website","url":"http:\/\/www.e-imusica.com\/","name":"Imusica","description":"Iniciativas Musicales SL","potentialAction":[{"@type":"SearchAction","target":{"@type":"EntryPoint","urlTemplate":"http:\/\/www.e-imusica.com\/?s={search_term_string}"},"query-input":{"@type":"PropertyValueSpecification","valueRequired":true,"valueName":"search_term_string"}}],"inLanguage":"en-GB"},{"@type":"Person","@id":"http:\/\/www.e-imusica.com\/#\/schema\/person\/8188caf199490748af350a91ec5f069c","name":"B\u00e1rbara Trejo","image":{"@type":"ImageObject","inLanguage":"en-GB","@id":"https:\/\/secure.gravatar.com\/avatar\/d19894c88263bd9071e9153832ac95a57d52cba71c51b94ce690d99d85a44ac5?s=96&d=mm&r=g","url":"https:\/\/secure.gravatar.com\/avatar\/d19894c88263bd9071e9153832ac95a57d52cba71c51b94ce690d99d85a44ac5?s=96&d=mm&r=g","contentUrl":"https:\/\/secure.gravatar.com\/avatar\/d19894c88263bd9071e9153832ac95a57d52cba71c51b94ce690d99d85a44ac5?s=96&d=mm&r=g","caption":"B\u00e1rbara Trejo"},"url":"http:\/\/www.e-imusica.com\/en\/author\/barbara\/"}]}},"_links":{"self":[{"href":"http:\/\/www.e-imusica.com\/en\/wp-json\/wp\/v2\/posts\/7003","targetHints":{"allow":["GET"]}}],"collection":[{"href":"http:\/\/www.e-imusica.com\/en\/wp-json\/wp\/v2\/posts"}],"about":[{"href":"http:\/\/www.e-imusica.com\/en\/wp-json\/wp\/v2\/types\/post"}],"author":[{"embeddable":true,"href":"http:\/\/www.e-imusica.com\/en\/wp-json\/wp\/v2\/users\/8"}],"replies":[{"embeddable":true,"href":"http:\/\/www.e-imusica.com\/en\/wp-json\/wp\/v2\/comments?post=7003"}],"version-history":[{"count":10,"href":"http:\/\/www.e-imusica.com\/en\/wp-json\/wp\/v2\/posts\/7003\/revisions"}],"predecessor-version":[{"id":7019,"href":"http:\/\/www.e-imusica.com\/en\/wp-json\/wp\/v2\/posts\/7003\/revisions\/7019"}],"wp:featuredmedia":[{"embeddable":true,"href":"http:\/\/www.e-imusica.com\/en\/wp-json\/wp\/v2\/media\/6989"}],"wp:attachment":[{"href":"http:\/\/www.e-imusica.com\/en\/wp-json\/wp\/v2\/media?parent=7003"}],"wp:term":[{"taxonomy":"category","embeddable":true,"href":"http:\/\/www.e-imusica.com\/en\/wp-json\/wp\/v2\/categories?post=7003"},{"taxonomy":"post_tag","embeddable":true,"href":"http:\/\/www.e-imusica.com\/en\/wp-json\/wp\/v2\/tags?post=7003"}],"curies":[{"name":"wp","href":"https:\/\/api.w.org\/{rel}","templated":true}]}}