{"id":6626,"date":"2025-03-03T13:26:59","date_gmt":"2025-03-03T13:26:59","guid":{"rendered":"https:\/\/www.e-imusica.com\/?p=6626"},"modified":"2025-03-20T11:18:06","modified_gmt":"2025-03-20T11:18:06","slug":"ensemble-pygmalion-gana-el-oper-awards-2025-a-mejor-orquesta-y-mejor-coro-del-ano","status":"publish","type":"post","link":"http:\/\/www.e-imusica.com\/en\/ensemble-pygmalion-gana-el-oper-awards-2025-a-mejor-orquesta-y-mejor-coro-del-ano\/","title":{"rendered":"Ensemble Pygmalion gana el OPER! AWARDS 2025 a mejor orquesta y mejor coro del a\u00f1o"},"content":{"rendered":"<p>[et_pb_section fb_built=\u00bb1&#8243; _builder_version=\u00bb4.24.3&#8243; _module_preset=\u00bbdefault\u00bb da_disable_devices=\u00bboff|off|off\u00bb global_colors_info=\u00bb{}\u00bb da_is_popup=\u00bboff\u00bb da_exit_intent=\u00bboff\u00bb da_has_close=\u00bbon\u00bb da_alt_close=\u00bboff\u00bb da_dark_close=\u00bboff\u00bb da_not_modal=\u00bbon\u00bb da_is_singular=\u00bboff\u00bb da_with_loader=\u00bboff\u00bb da_has_shadow=\u00bbon\u00bb][et_pb_row _builder_version=\u00bb4.22.0&#8243; _module_preset=\u00bbdefault\u00bb global_colors_info=\u00bb{}\u00bb][et_pb_column type=\u00bb4_4&#8243; _builder_version=\u00bb4.22.0&#8243; _module_preset=\u00bbdefault\u00bb global_colors_info=\u00bb{}\u00bb][et_pb_post_title meta=\u00bboff\u00bb date_format=\u00bbd\/m\/y\u00bb featured_image=\u00bboff\u00bb _builder_version=\u00bb4.25.0&#8243; _module_preset=\u00bbdefault\u00bb title_font=\u00bbBodoni Moda|600||||on|||\u00bb title_text_align=\u00bbcenter\u00bb title_font_size=\u00bb3vw\u00bb title_letter_spacing=\u00bb-0.5px\u00bb title_line_height=\u00bb1.6em\u00bb meta_text_align=\u00bbcenter\u00bb meta_text_color=\u00bb#000000&#8243; meta_font_size=\u00bb16px\u00bb width=\u00bb80%\u00bb width_tablet=\u00bb100%\u00bb width_phone=\u00bb100%\u00bb width_last_edited=\u00bbon|desktop\u00bb module_alignment=\u00bbcenter\u00bb title_font_size_tablet=\u00bb24px\u00bb title_font_size_phone=\u00bb25px\u00bb title_font_size_last_edited=\u00bbon|phone\u00bb title_line_height_tablet=\u00bb1.6em\u00bb title_line_height_phone=\u00bb1.2em\u00bb title_line_height_last_edited=\u00bbon|phone\u00bb meta_font_size_tablet=\u00bb15px\u00bb meta_font_size_phone=\u00bb15px\u00bb meta_font_size_last_edited=\u00bbon|desktop\u00bb global_colors_info=\u00bb{}\u00bb title_font_size__hover_enabled=\u00bboff|desktop\u00bb][\/et_pb_post_title][\/et_pb_column][\/et_pb_row][et_pb_row _builder_version=\u00bb4.27.4&#8243; _module_preset=\u00bbdefault\u00bb background_color=\u00bb#bcbcbc\u00bb global_colors_info=\u00bb{}\u00bb][et_pb_column type=\u00bb4_4&#8243; admin_label=\u00bbColumna\u00bb _builder_version=\u00bb4.27.4&#8243; _module_preset=\u00bbdefault\u00bb global_colors_info=\u00bb{}\u00bb][et_pb_post_title title=\u00bboff\u00bb meta=\u00bboff\u00bb date_format=\u00bbd\/m\/y\u00bb featured_placement=\u00bbabove\u00bb title_tablet=\u00bb\u00bb title_phone=\u00bboff\u00bb title_last_edited=\u00bbon|phone\u00bb admin_label=\u00bbT\u00edtulo de publicaci\u00f3n\u00bb _builder_version=\u00bb4.27.4&#8243; _module_preset=\u00bbdefault\u00bb title_font=\u00bb||||||||\u00bb title_text_align=\u00bbcenter\u00bb title_text_color=\u00bb#FFFFFF\u00bb title_font_size=\u00bb17px\u00bb title_line_height=\u00bb1.2em\u00bb meta_text_align=\u00bbcenter\u00bb meta_text_color=\u00bb#000000&#8243; meta_font_size=\u00bb16px\u00bb background_color=\u00bbRGBA(255,255,255,0)\u00bb width=\u00bb99.5%\u00bb width_tablet=\u00bb100%\u00bb width_phone=\u00bb100%\u00bb width_last_edited=\u00bboff|desktop\u00bb module_alignment=\u00bbcenter\u00bb custom_margin=\u00bb||0px|4px|false|false\u00bb custom_margin_tablet=\u00bb0px||||false|false\u00bb custom_margin_phone=\u00bb\u00bb custom_margin_last_edited=\u00bbon|tablet\u00bb custom_padding=\u00bb10px|70px||77px|false|false\u00bb custom_padding_tablet=\u00bb10px|11px||11px|false|true\u00bb custom_padding_phone=\u00bb7px|7px|0px|7px|false|true\u00bb custom_padding_last_edited=\u00bbon|phone\u00bb title_font_size_tablet=\u00bb24px\u00bb title_font_size_phone=\u00bb20px\u00bb title_font_size_last_edited=\u00bbon|phone\u00bb meta_font_size_tablet=\u00bb15px\u00bb meta_font_size_phone=\u00bb15px\u00bb meta_font_size_last_edited=\u00bbon|desktop\u00bb background_color_phone=\u00bbRGBA(255,255,255,0)\u00bb background_last_edited=\u00bboff|desktop\u00bb background_enable_color_phone=\u00bbon\u00bb global_colors_info=\u00bb{}\u00bb title_font_size__hover_enabled=\u00bboff|desktop\u00bb][\/et_pb_post_title][et_pb_text _builder_version=\u00bb4.27.4&#8243; _module_preset=\u00bbdefault\u00bb global_colors_info=\u00bb{}\u00bb]<\/p>\n<p style=\"text-align: center;\">\u00a9Simon Van Rompay<\/p>\n<p>[\/et_pb_text][et_pb_text _builder_version=\u00bb4.27.4&#8243; _module_preset=\u00bbdefault\u00bb text_font=\u00bb|600|||||||\u00bb text_text_color=\u00bb#000000&#8243; text_font_size=\u00bb15px\u00bb text_line_height=\u00bb1.3em\u00bb header_font=\u00bb|600|||||||\u00bb header_text_color=\u00bb#000000&#8243; header_font_size=\u00bb15px\u00bb header_line_height=\u00bb1.3em\u00bb custom_margin=\u00bb20px|20px|20px|20px|true|true\u00bb global_colors_info=\u00bb{}\u00bb]<\/p>\n<p style=\"text-align: center;\">El director del ensemble, Rapha\u00ebl Pichon, recogi\u00f3 el galard\u00f3n en la gala de los OPER! AWARDS 2025 que se celebr\u00f3 el 21 de febrero en la \u00d3pera La Monnaie\/De Munt de Bruselas.<\/p>\n<p>[\/et_pb_text][\/et_pb_column][\/et_pb_row][\/et_pb_section]<\/p>","protected":false},"excerpt":{"rendered":"<p>\u00a9Simon Van RompayEl director del ensemble, Rapha\u00ebl Pichon, recogi\u00f3 el galard\u00f3n en la gala de los OPER! AWARDS 2025 que se celebr\u00f3 el 21 de febrero en la \u00d3pera La Monnaie\/De Munt de Bruselas.<\/p>","protected":false},"author":8,"featured_media":6632,"comment_status":"closed","ping_status":"closed","sticky":false,"template":"","format":"standard","meta":{"_et_pb_use_builder":"on","_et_pb_old_content":"","_et_gb_content_width":"2880","footnotes":""},"categories":[1],"tags":[],"class_list":["post-6626","post","type-post","status-publish","format-standard","has-post-thumbnail","hentry","category-uncategorized"],"yoast_head":"<!-- This site is optimized with the Yoast SEO plugin v27.5 - https:\/\/yoast.com\/product\/yoast-seo-wordpress\/ -->\n<title>Ensemble Pygmalion gana el OPER! AWARDS 2025 a mejor orquesta y mejor coro del a\u00f1o - imusica<\/title>\n<meta name=\"robots\" content=\"index, follow, max-snippet:-1, max-image-preview:large, max-video-preview:-1\" \/>\n<link rel=\"canonical\" href=\"http:\/\/www.e-imusica.com\/en\/ensemble-pygmalion-gana-el-oper-awards-2025-a-mejor-orquesta-y-mejor-coro-del-ano\/\" \/>\n<meta property=\"og:locale\" content=\"en_GB\" \/>\n<meta property=\"og:type\" content=\"article\" \/>\n<meta property=\"og:title\" content=\"Ensemble Pygmalion gana el OPER! AWARDS 2025 a mejor orquesta y mejor coro del a\u00f1o - imusica\" \/>\n<meta property=\"og:description\" content=\"\u00a9Simon Van RompayEl director del ensemble, Rapha\u00ebl Pichon, recogi\u00f3 el galard\u00f3n en la gala de los OPER! AWARDS 2025 que se celebr\u00f3 el 21 de febrero en la \u00d3pera La Monnaie\/De Munt de Bruselas.\" \/>\n<meta property=\"og:url\" content=\"http:\/\/www.e-imusica.com\/en\/ensemble-pygmalion-gana-el-oper-awards-2025-a-mejor-orquesta-y-mejor-coro-del-ano\/\" \/>\n<meta property=\"og:site_name\" content=\"imusica\" \/>\n<meta property=\"article:published_time\" content=\"2025-03-03T13:26:59+00:00\" \/>\n<meta property=\"article:modified_time\" content=\"2025-03-20T11:18:06+00:00\" \/>\n<meta property=\"og:image\" content=\"http:\/\/www.e-imusica.com\/wp-content\/uploads\/2025\/03\/13_PYGMALION-RAPHAEL-PICHON-OPERAWARDS_WINNERS@SimonVanRompay-1030x687-1.jpg\" \/>\n\t<meta property=\"og:image:width\" content=\"1030\" \/>\n\t<meta property=\"og:image:height\" content=\"687\" \/>\n\t<meta property=\"og:image:type\" content=\"image\/jpeg\" \/>\n<meta name=\"author\" content=\"B\u00e1rbara Trejo\" \/>\n<meta name=\"twitter:card\" content=\"summary_large_image\" \/>\n<meta name=\"twitter:label1\" content=\"Written by\" \/>\n\t<meta name=\"twitter:data1\" content=\"B\u00e1rbara Trejo\" \/>\n\t<meta name=\"twitter:label2\" content=\"Estimated reading time\" \/>\n\t<meta name=\"twitter:data2\" content=\"1 minute\" \/>\n<script type=\"application\/ld+json\" class=\"yoast-schema-graph\">{\"@context\":\"https:\\\/\\\/schema.org\",\"@graph\":[{\"@type\":\"Article\",\"@id\":\"http:\\\/\\\/www.e-imusica.com\\\/ensemble-pygmalion-gana-el-oper-awards-2025-a-mejor-orquesta-y-mejor-coro-del-ano\\\/#article\",\"isPartOf\":{\"@id\":\"http:\\\/\\\/www.e-imusica.com\\\/ensemble-pygmalion-gana-el-oper-awards-2025-a-mejor-orquesta-y-mejor-coro-del-ano\\\/\"},\"author\":{\"name\":\"B\u00e1rbara Trejo\",\"@id\":\"http:\\\/\\\/www.e-imusica.com\\\/#\\\/schema\\\/person\\\/8188caf199490748af350a91ec5f069c\"},\"headline\":\"Ensemble Pygmalion gana el OPER! AWARDS 2025 a mejor orquesta y mejor coro del a\u00f1o\",\"datePublished\":\"2025-03-03T13:26:59+00:00\",\"dateModified\":\"2025-03-20T11:18:06+00:00\",\"mainEntityOfPage\":{\"@id\":\"http:\\\/\\\/www.e-imusica.com\\\/ensemble-pygmalion-gana-el-oper-awards-2025-a-mejor-orquesta-y-mejor-coro-del-ano\\\/\"},\"wordCount\":561,\"image\":{\"@id\":\"http:\\\/\\\/www.e-imusica.com\\\/ensemble-pygmalion-gana-el-oper-awards-2025-a-mejor-orquesta-y-mejor-coro-del-ano\\\/#primaryimage\"},\"thumbnailUrl\":\"http:\\\/\\\/www.e-imusica.com\\\/wp-content\\\/uploads\\\/2025\\\/03\\\/13_PYGMALION-RAPHAEL-PICHON-OPERAWARDS_WINNERS@SimonVanRompay-1030x687-1.jpg\",\"articleSection\":[\"Uncategorized\"],\"inLanguage\":\"en-GB\"},{\"@type\":\"WebPage\",\"@id\":\"http:\\\/\\\/www.e-imusica.com\\\/ensemble-pygmalion-gana-el-oper-awards-2025-a-mejor-orquesta-y-mejor-coro-del-ano\\\/\",\"url\":\"http:\\\/\\\/www.e-imusica.com\\\/ensemble-pygmalion-gana-el-oper-awards-2025-a-mejor-orquesta-y-mejor-coro-del-ano\\\/\",\"name\":\"Ensemble Pygmalion gana el OPER! AWARDS 2025 a mejor orquesta y mejor coro del a\u00f1o - imusica\",\"isPartOf\":{\"@id\":\"http:\\\/\\\/www.e-imusica.com\\\/#website\"},\"primaryImageOfPage\":{\"@id\":\"http:\\\/\\\/www.e-imusica.com\\\/ensemble-pygmalion-gana-el-oper-awards-2025-a-mejor-orquesta-y-mejor-coro-del-ano\\\/#primaryimage\"},\"image\":{\"@id\":\"http:\\\/\\\/www.e-imusica.com\\\/ensemble-pygmalion-gana-el-oper-awards-2025-a-mejor-orquesta-y-mejor-coro-del-ano\\\/#primaryimage\"},\"thumbnailUrl\":\"http:\\\/\\\/www.e-imusica.com\\\/wp-content\\\/uploads\\\/2025\\\/03\\\/13_PYGMALION-RAPHAEL-PICHON-OPERAWARDS_WINNERS@SimonVanRompay-1030x687-1.jpg\",\"datePublished\":\"2025-03-03T13:26:59+00:00\",\"dateModified\":\"2025-03-20T11:18:06+00:00\",\"author\":{\"@id\":\"http:\\\/\\\/www.e-imusica.com\\\/#\\\/schema\\\/person\\\/8188caf199490748af350a91ec5f069c\"},\"breadcrumb\":{\"@id\":\"http:\\\/\\\/www.e-imusica.com\\\/ensemble-pygmalion-gana-el-oper-awards-2025-a-mejor-orquesta-y-mejor-coro-del-ano\\\/#breadcrumb\"},\"inLanguage\":\"en-GB\",\"potentialAction\":[{\"@type\":\"ReadAction\",\"target\":[\"http:\\\/\\\/www.e-imusica.com\\\/ensemble-pygmalion-gana-el-oper-awards-2025-a-mejor-orquesta-y-mejor-coro-del-ano\\\/\"]}]},{\"@type\":\"ImageObject\",\"inLanguage\":\"en-GB\",\"@id\":\"http:\\\/\\\/www.e-imusica.com\\\/ensemble-pygmalion-gana-el-oper-awards-2025-a-mejor-orquesta-y-mejor-coro-del-ano\\\/#primaryimage\",\"url\":\"http:\\\/\\\/www.e-imusica.com\\\/wp-content\\\/uploads\\\/2025\\\/03\\\/13_PYGMALION-RAPHAEL-PICHON-OPERAWARDS_WINNERS@SimonVanRompay-1030x687-1.jpg\",\"contentUrl\":\"http:\\\/\\\/www.e-imusica.com\\\/wp-content\\\/uploads\\\/2025\\\/03\\\/13_PYGMALION-RAPHAEL-PICHON-OPERAWARDS_WINNERS@SimonVanRompay-1030x687-1.jpg\",\"width\":1030,\"height\":687},{\"@type\":\"BreadcrumbList\",\"@id\":\"http:\\\/\\\/www.e-imusica.com\\\/ensemble-pygmalion-gana-el-oper-awards-2025-a-mejor-orquesta-y-mejor-coro-del-ano\\\/#breadcrumb\",\"itemListElement\":[{\"@type\":\"ListItem\",\"position\":1,\"name\":\"Portada\",\"item\":\"https:\\\/\\\/www.e-imusica.com\\\/\"},{\"@type\":\"ListItem\",\"position\":2,\"name\":\"Ensemble Pygmalion gana el OPER! AWARDS 2025 a mejor orquesta y mejor coro del a\u00f1o\"}]},{\"@type\":\"WebSite\",\"@id\":\"http:\\\/\\\/www.e-imusica.com\\\/#website\",\"url\":\"http:\\\/\\\/www.e-imusica.com\\\/\",\"name\":\"Imusica\",\"description\":\"Iniciativas Musicales SL\",\"potentialAction\":[{\"@type\":\"SearchAction\",\"target\":{\"@type\":\"EntryPoint\",\"urlTemplate\":\"http:\\\/\\\/www.e-imusica.com\\\/?s={search_term_string}\"},\"query-input\":{\"@type\":\"PropertyValueSpecification\",\"valueRequired\":true,\"valueName\":\"search_term_string\"}}],\"inLanguage\":\"en-GB\"},{\"@type\":\"Person\",\"@id\":\"http:\\\/\\\/www.e-imusica.com\\\/#\\\/schema\\\/person\\\/8188caf199490748af350a91ec5f069c\",\"name\":\"B\u00e1rbara Trejo\",\"image\":{\"@type\":\"ImageObject\",\"inLanguage\":\"en-GB\",\"@id\":\"https:\\\/\\\/secure.gravatar.com\\\/avatar\\\/d19894c88263bd9071e9153832ac95a57d52cba71c51b94ce690d99d85a44ac5?s=96&d=mm&r=g\",\"url\":\"https:\\\/\\\/secure.gravatar.com\\\/avatar\\\/d19894c88263bd9071e9153832ac95a57d52cba71c51b94ce690d99d85a44ac5?s=96&d=mm&r=g\",\"contentUrl\":\"https:\\\/\\\/secure.gravatar.com\\\/avatar\\\/d19894c88263bd9071e9153832ac95a57d52cba71c51b94ce690d99d85a44ac5?s=96&d=mm&r=g\",\"caption\":\"B\u00e1rbara Trejo\"},\"url\":\"http:\\\/\\\/www.e-imusica.com\\\/en\\\/author\\\/barbara\\\/\"}]}<\/script>\n<!-- \/ Yoast SEO plugin. -->","yoast_head_json":{"title":"Ensemble Pygmalion gana el OPER! AWARDS 2025 a mejor orquesta y mejor coro del a\u00f1o - imusica","robots":{"index":"index","follow":"follow","max-snippet":"max-snippet:-1","max-image-preview":"max-image-preview:large","max-video-preview":"max-video-preview:-1"},"canonical":"http:\/\/www.e-imusica.com\/en\/ensemble-pygmalion-gana-el-oper-awards-2025-a-mejor-orquesta-y-mejor-coro-del-ano\/","og_locale":"en_GB","og_type":"article","og_title":"Ensemble Pygmalion gana el OPER! AWARDS 2025 a mejor orquesta y mejor coro del a\u00f1o - imusica","og_description":"\u00a9Simon Van RompayEl director del ensemble, Rapha\u00ebl Pichon, recogi\u00f3 el galard\u00f3n en la gala de los OPER! AWARDS 2025 que se celebr\u00f3 el 21 de febrero en la \u00d3pera La Monnaie\/De Munt de Bruselas.","og_url":"http:\/\/www.e-imusica.com\/en\/ensemble-pygmalion-gana-el-oper-awards-2025-a-mejor-orquesta-y-mejor-coro-del-ano\/","og_site_name":"imusica","article_published_time":"2025-03-03T13:26:59+00:00","article_modified_time":"2025-03-20T11:18:06+00:00","og_image":[{"width":1030,"height":687,"url":"http:\/\/www.e-imusica.com\/wp-content\/uploads\/2025\/03\/13_PYGMALION-RAPHAEL-PICHON-OPERAWARDS_WINNERS@SimonVanRompay-1030x687-1.jpg","type":"image\/jpeg"}],"author":"B\u00e1rbara Trejo","twitter_card":"summary_large_image","twitter_misc":{"Written by":"B\u00e1rbara Trejo","Estimated reading time":"1 minute"},"schema":{"@context":"https:\/\/schema.org","@graph":[{"@type":"Article","@id":"http:\/\/www.e-imusica.com\/ensemble-pygmalion-gana-el-oper-awards-2025-a-mejor-orquesta-y-mejor-coro-del-ano\/#article","isPartOf":{"@id":"http:\/\/www.e-imusica.com\/ensemble-pygmalion-gana-el-oper-awards-2025-a-mejor-orquesta-y-mejor-coro-del-ano\/"},"author":{"name":"B\u00e1rbara Trejo","@id":"http:\/\/www.e-imusica.com\/#\/schema\/person\/8188caf199490748af350a91ec5f069c"},"headline":"Ensemble Pygmalion gana el OPER! AWARDS 2025 a mejor orquesta y mejor coro del a\u00f1o","datePublished":"2025-03-03T13:26:59+00:00","dateModified":"2025-03-20T11:18:06+00:00","mainEntityOfPage":{"@id":"http:\/\/www.e-imusica.com\/ensemble-pygmalion-gana-el-oper-awards-2025-a-mejor-orquesta-y-mejor-coro-del-ano\/"},"wordCount":561,"image":{"@id":"http:\/\/www.e-imusica.com\/ensemble-pygmalion-gana-el-oper-awards-2025-a-mejor-orquesta-y-mejor-coro-del-ano\/#primaryimage"},"thumbnailUrl":"http:\/\/www.e-imusica.com\/wp-content\/uploads\/2025\/03\/13_PYGMALION-RAPHAEL-PICHON-OPERAWARDS_WINNERS@SimonVanRompay-1030x687-1.jpg","articleSection":["Uncategorized"],"inLanguage":"en-GB"},{"@type":"WebPage","@id":"http:\/\/www.e-imusica.com\/ensemble-pygmalion-gana-el-oper-awards-2025-a-mejor-orquesta-y-mejor-coro-del-ano\/","url":"http:\/\/www.e-imusica.com\/ensemble-pygmalion-gana-el-oper-awards-2025-a-mejor-orquesta-y-mejor-coro-del-ano\/","name":"Ensemble Pygmalion gana el OPER! AWARDS 2025 a mejor orquesta y mejor coro del a\u00f1o - imusica","isPartOf":{"@id":"http:\/\/www.e-imusica.com\/#website"},"primaryImageOfPage":{"@id":"http:\/\/www.e-imusica.com\/ensemble-pygmalion-gana-el-oper-awards-2025-a-mejor-orquesta-y-mejor-coro-del-ano\/#primaryimage"},"image":{"@id":"http:\/\/www.e-imusica.com\/ensemble-pygmalion-gana-el-oper-awards-2025-a-mejor-orquesta-y-mejor-coro-del-ano\/#primaryimage"},"thumbnailUrl":"http:\/\/www.e-imusica.com\/wp-content\/uploads\/2025\/03\/13_PYGMALION-RAPHAEL-PICHON-OPERAWARDS_WINNERS@SimonVanRompay-1030x687-1.jpg","datePublished":"2025-03-03T13:26:59+00:00","dateModified":"2025-03-20T11:18:06+00:00","author":{"@id":"http:\/\/www.e-imusica.com\/#\/schema\/person\/8188caf199490748af350a91ec5f069c"},"breadcrumb":{"@id":"http:\/\/www.e-imusica.com\/ensemble-pygmalion-gana-el-oper-awards-2025-a-mejor-orquesta-y-mejor-coro-del-ano\/#breadcrumb"},"inLanguage":"en-GB","potentialAction":[{"@type":"ReadAction","target":["http:\/\/www.e-imusica.com\/ensemble-pygmalion-gana-el-oper-awards-2025-a-mejor-orquesta-y-mejor-coro-del-ano\/"]}]},{"@type":"ImageObject","inLanguage":"en-GB","@id":"http:\/\/www.e-imusica.com\/ensemble-pygmalion-gana-el-oper-awards-2025-a-mejor-orquesta-y-mejor-coro-del-ano\/#primaryimage","url":"http:\/\/www.e-imusica.com\/wp-content\/uploads\/2025\/03\/13_PYGMALION-RAPHAEL-PICHON-OPERAWARDS_WINNERS@SimonVanRompay-1030x687-1.jpg","contentUrl":"http:\/\/www.e-imusica.com\/wp-content\/uploads\/2025\/03\/13_PYGMALION-RAPHAEL-PICHON-OPERAWARDS_WINNERS@SimonVanRompay-1030x687-1.jpg","width":1030,"height":687},{"@type":"BreadcrumbList","@id":"http:\/\/www.e-imusica.com\/ensemble-pygmalion-gana-el-oper-awards-2025-a-mejor-orquesta-y-mejor-coro-del-ano\/#breadcrumb","itemListElement":[{"@type":"ListItem","position":1,"name":"Portada","item":"https:\/\/www.e-imusica.com\/"},{"@type":"ListItem","position":2,"name":"Ensemble Pygmalion gana el OPER! AWARDS 2025 a mejor orquesta y mejor coro del a\u00f1o"}]},{"@type":"WebSite","@id":"http:\/\/www.e-imusica.com\/#website","url":"http:\/\/www.e-imusica.com\/","name":"Imusica","description":"Iniciativas Musicales SL","potentialAction":[{"@type":"SearchAction","target":{"@type":"EntryPoint","urlTemplate":"http:\/\/www.e-imusica.com\/?s={search_term_string}"},"query-input":{"@type":"PropertyValueSpecification","valueRequired":true,"valueName":"search_term_string"}}],"inLanguage":"en-GB"},{"@type":"Person","@id":"http:\/\/www.e-imusica.com\/#\/schema\/person\/8188caf199490748af350a91ec5f069c","name":"B\u00e1rbara Trejo","image":{"@type":"ImageObject","inLanguage":"en-GB","@id":"https:\/\/secure.gravatar.com\/avatar\/d19894c88263bd9071e9153832ac95a57d52cba71c51b94ce690d99d85a44ac5?s=96&d=mm&r=g","url":"https:\/\/secure.gravatar.com\/avatar\/d19894c88263bd9071e9153832ac95a57d52cba71c51b94ce690d99d85a44ac5?s=96&d=mm&r=g","contentUrl":"https:\/\/secure.gravatar.com\/avatar\/d19894c88263bd9071e9153832ac95a57d52cba71c51b94ce690d99d85a44ac5?s=96&d=mm&r=g","caption":"B\u00e1rbara Trejo"},"url":"http:\/\/www.e-imusica.com\/en\/author\/barbara\/"}]}},"_links":{"self":[{"href":"http:\/\/www.e-imusica.com\/en\/wp-json\/wp\/v2\/posts\/6626","targetHints":{"allow":["GET"]}}],"collection":[{"href":"http:\/\/www.e-imusica.com\/en\/wp-json\/wp\/v2\/posts"}],"about":[{"href":"http:\/\/www.e-imusica.com\/en\/wp-json\/wp\/v2\/types\/post"}],"author":[{"embeddable":true,"href":"http:\/\/www.e-imusica.com\/en\/wp-json\/wp\/v2\/users\/8"}],"replies":[{"embeddable":true,"href":"http:\/\/www.e-imusica.com\/en\/wp-json\/wp\/v2\/comments?post=6626"}],"version-history":[{"count":10,"href":"http:\/\/www.e-imusica.com\/en\/wp-json\/wp\/v2\/posts\/6626\/revisions"}],"predecessor-version":[{"id":6676,"href":"http:\/\/www.e-imusica.com\/en\/wp-json\/wp\/v2\/posts\/6626\/revisions\/6676"}],"wp:featuredmedia":[{"embeddable":true,"href":"http:\/\/www.e-imusica.com\/en\/wp-json\/wp\/v2\/media\/6632"}],"wp:attachment":[{"href":"http:\/\/www.e-imusica.com\/en\/wp-json\/wp\/v2\/media?parent=6626"}],"wp:term":[{"taxonomy":"category","embeddable":true,"href":"http:\/\/www.e-imusica.com\/en\/wp-json\/wp\/v2\/categories?post=6626"},{"taxonomy":"post_tag","embeddable":true,"href":"http:\/\/www.e-imusica.com\/en\/wp-json\/wp\/v2\/tags?post=6626"}],"curies":[{"name":"wp","href":"https:\/\/api.w.org\/{rel}","templated":true}]}}