{"id":6348,"date":"2024-06-12T15:50:00","date_gmt":"2024-06-12T15:50:00","guid":{"rendered":"https:\/\/www.e-imusica.com\/?p=6348"},"modified":"2024-06-12T16:12:43","modified_gmt":"2024-06-12T16:12:43","slug":"william-christie-les-arts-florissants-impecable-medea-el-mejor-espectaculo-barroco-del-teatro-real-en-anos","status":"publish","type":"post","link":"http:\/\/www.e-imusica.com\/en\/william-christie-les-arts-florissants-impecable-medea-el-mejor-espectaculo-barroco-del-teatro-real-en-anos\/","title":{"rendered":"William Christie &amp; Les Arts Florissants \u00abMedea\u00bb: el mejor espect\u00e1culo barroco del Teatro Real en a\u00f1os"},"content":{"rendered":"[et_pb_section fb_built=\u00bb1&#8243; _builder_version=\u00bb4.24.3&#8243; _module_preset=\u00bbdefault\u00bb da_disable_devices=\u00bboff|off|off\u00bb global_colors_info=\u00bb{}\u00bb da_is_popup=\u00bboff\u00bb da_exit_intent=\u00bboff\u00bb da_has_close=\u00bbon\u00bb da_alt_close=\u00bboff\u00bb da_dark_close=\u00bboff\u00bb da_not_modal=\u00bbon\u00bb da_is_singular=\u00bboff\u00bb da_with_loader=\u00bboff\u00bb da_has_shadow=\u00bbon\u00bb][et_pb_row _builder_version=\u00bb4.22.0&#8243; _module_preset=\u00bbdefault\u00bb global_colors_info=\u00bb{}\u00bb][et_pb_column type=\u00bb4_4&#8243; _builder_version=\u00bb4.22.0&#8243; _module_preset=\u00bbdefault\u00bb global_colors_info=\u00bb{}\u00bb][et_pb_post_title meta=\u00bboff\u00bb date_format=\u00bbd\/m\/y\u00bb featured_image=\u00bboff\u00bb _builder_version=\u00bb4.25.0&#8243; _module_preset=\u00bbdefault\u00bb title_font=\u00bbBodoni Moda|600||||on|||\u00bb title_text_align=\u00bbcenter\u00bb title_font_size=\u00bb3vw\u00bb title_letter_spacing=\u00bb-0.5px\u00bb title_line_height=\u00bb1.6em\u00bb meta_text_align=\u00bbcenter\u00bb meta_text_color=\u00bb#000000&#8243; meta_font_size=\u00bb16px\u00bb width=\u00bb80%\u00bb width_tablet=\u00bb100%\u00bb width_phone=\u00bb100%\u00bb width_last_edited=\u00bbon|desktop\u00bb module_alignment=\u00bbcenter\u00bb title_font_size_tablet=\u00bb24px\u00bb title_font_size_phone=\u00bb25px\u00bb title_font_size_last_edited=\u00bbon|phone\u00bb title_line_height_tablet=\u00bb1.6em\u00bb title_line_height_phone=\u00bb1.2em\u00bb title_line_height_last_edited=\u00bbon|phone\u00bb meta_font_size_tablet=\u00bb15px\u00bb meta_font_size_phone=\u00bb15px\u00bb meta_font_size_last_edited=\u00bbon|desktop\u00bb global_colors_info=\u00bb{}\u00bb title_font_size__hover_enabled=\u00bboff|desktop\u00bb][\/et_pb_post_title][\/et_pb_column][\/et_pb_row][et_pb_row column_structure=\u00bb1_2,1_2&#8243; use_custom_gutter=\u00bbon\u00bb gutter_width=\u00bb1&#8243; make_equal=\u00bbon\u00bb _builder_version=\u00bb4.24.3&#8243; _module_preset=\u00bbdefault\u00bb width=\u00bb92%\u00bb width_tablet=\u00bb\u00bb width_phone=\u00bb\u00bb width_last_edited=\u00bbon|phone\u00bb max_width=\u00bb1920px\u00bb module_alignment=\u00bbcenter\u00bb global_colors_info=\u00bb{}\u00bb][et_pb_column type=\u00bb1_2&#8243; _builder_version=\u00bb4.24.3&#8243; _module_preset=\u00bbdefault\u00bb global_colors_info=\u00bb{}\u00bb][et_pb_post_title meta=\u00bboff\u00bb date_format=\u00bbd\/m\/y\u00bb featured_placement=\u00bbabove\u00bb title_tablet=\u00bb\u00bb title_phone=\u00bboff\u00bb title_last_edited=\u00bbon|phone\u00bb _builder_version=\u00bb4.24.3&#8243; _module_preset=\u00bbdefault\u00bb title_font=\u00bb||||||||\u00bb title_text_align=\u00bbleft\u00bb title_text_color=\u00bb#FFFFFF\u00bb title_font_size=\u00bb17px\u00bb title_line_height=\u00bb1.2em\u00bb meta_text_align=\u00bbcenter\u00bb meta_text_color=\u00bb#000000&#8243; meta_font_size=\u00bb16px\u00bb background_color=\u00bb#bcbcbc\u00bb width_tablet=\u00bb100%\u00bb width_phone=\u00bb100%\u00bb width_last_edited=\u00bboff|desktop\u00bb module_alignment=\u00bbcenter\u00bb custom_margin=\u00bb||0px||false|false\u00bb custom_margin_tablet=\u00bb0px||||false|false\u00bb custom_margin_phone=\u00bb\u00bb custom_margin_last_edited=\u00bbon|tablet\u00bb custom_padding=\u00bb10px|70px||10px|false|false\u00bb custom_padding_tablet=\u00bb10px|11px||11px|false|true\u00bb custom_padding_phone=\u00bb7px|7px|0px|7px|false|true\u00bb custom_padding_last_edited=\u00bbon|phone\u00bb title_font_size_tablet=\u00bb24px\u00bb title_font_size_phone=\u00bb20px\u00bb title_font_size_last_edited=\u00bbon|phone\u00bb meta_font_size_tablet=\u00bb15px\u00bb meta_font_size_phone=\u00bb15px\u00bb meta_font_size_last_edited=\u00bbon|desktop\u00bb background_color_phone=\u00bbRGBA(255,255,255,0)\u00bb background_last_edited=\u00bboff|desktop\u00bb background_enable_color_phone=\u00bbon\u00bb global_colors_info=\u00bb{}\u00bb title_font_size__hover_enabled=\u00bboff|desktop\u00bb][\/et_pb_post_title][et_pb_text admin_label=\u00bbcr\u00e9ditos imagen\u00bb _builder_version=\u00bb4.25.1&#8243; _module_preset=\u00bbdefault\u00bb text_text_color=\u00bb#bcbcbc\u00bb background_color=\u00bb#232323&#8243; positioning=\u00bbabsolute\u00bb text_orientation=\u00bbright\u00bb width=\u00bb100%\u00bb custom_margin=\u00bb20px|||22vw|false|false\u00bb custom_margin_tablet=\u00bb17px|||0px|false|false\u00bb custom_margin_phone=\u00bb7px||||false|false\u00bb custom_margin_last_edited=\u00bbon|phone\u00bb custom_padding=\u00bb|30vw||0px|false|false\u00bb custom_padding_tablet=\u00bb|24px||24px|false|true\u00bb custom_padding_phone=\u00bb|11px||11px|false|true\u00bb custom_padding_last_edited=\u00bbon|phone\u00bb text_font_size_tablet=\u00bb\u00bb text_font_size_phone=\u00bb12px\u00bb text_font_size_last_edited=\u00bbon|phone\u00bb text_line_height_tablet=\u00bb\u00bb text_line_height_phone=\u00bb1.5em\u00bb text_line_height_last_edited=\u00bbon|phone\u00bb text_orientation_tablet=\u00bb\u00bb text_orientation_phone=\u00bb\u00bb text_orientation_last_edited=\u00bbon|phone\u00bb global_colors_info=\u00bb{}\u00bb]<p>\u00a9Javier Del Real\/Teatro Real<\/p>[\/et_pb_text][\/et_pb_column][et_pb_column type=\u00bb1_2&#8243; _builder_version=\u00bb4.24.3&#8243; _module_preset=\u00bbdefault\u00bb global_colors_info=\u00bb{}\u00bb][et_pb_text disabled_on=\u00bbon|on|off\u00bb admin_label=\u00bbfondo\u00bb _builder_version=\u00bb4.24.3&#8243; _module_preset=\u00bbdefault\u00bb background_color=\u00bb#bcbcbc\u00bb positioning=\u00bbabsolute\u00bb z_index=\u00bb-115&#8243; width=\u00bb108%\u00bb height=\u00bb100%\u00bb custom_margin=\u00bb|||-60px|false|false\u00bb custom_padding=\u00bb20px|||125px|false|false\u00bb global_colors_info=\u00bb{}\u00bb][\/et_pb_text][et_pb_text _builder_version=\u00bb4.25.1&#8243; _module_preset=\u00bbdefault\u00bb text_font=\u00bb|600|||||||\u00bb text_text_color=\u00bb#000000&#8243; text_font_size=\u00bb15px\u00bb text_line_height=\u00bb1.3em\u00bb link_font=\u00bb|600||||on|||\u00bb link_text_align=\u00bbcenter\u00bb link_text_color=\u00bb#E02B20&#8243; link_font_size=\u00bb17px\u00bb link_letter_spacing=\u00bb0.5px\u00bb link_line_height=\u00bb1.1em\u00bb header_3_font=\u00bb||||||||\u00bb header_3_text_align=\u00bbcenter\u00bb header_3_text_color=\u00bb#3f0000&#8243; header_3_line_height=\u00bb1.1em\u00bb header_5_font=\u00bb|700|||||||\u00bb header_5_text_align=\u00bbright\u00bb header_5_text_color=\u00bb#f7f7f7&#8243; header_5_font_size=\u00bb14px\u00bb custom_margin=\u00bb10px||10px|-40px|true|false\u00bb custom_margin_tablet=\u00bb|||0px|true|false\u00bb custom_margin_phone=\u00bb\u00bb custom_margin_last_edited=\u00bbon|tablet\u00bb custom_padding=\u00bb15px|40px|15px|15px|true|false\u00bb custom_padding_tablet=\u00bb20px|25px|20px|25px|true|true\u00bb custom_padding_phone=\u00bb\u00bb custom_padding_last_edited=\u00bbon|tablet\u00bb hover_transition_duration=\u00bb550ms\u00bb background_color_tablet=\u00bb#bcbcbc\u00bb background_color_phone=\u00bb#bcbcbc\u00bb background_last_edited=\u00bbon|phone\u00bb background_enable_color_tablet=\u00bbon\u00bb background_enable_color_phone=\u00bbon\u00bb global_colors_info=\u00bb{}\u00bb link_letter_spacing__hover_enabled=\u00bbon|hover\u00bb link_letter_spacing__hover=\u00bb1px\u00bb link_line_height__hover_enabled=\u00bbon|hover\u00bb link_line_height__hover=\u00bb1.7em\u00bb link_font_size__hover_enabled=\u00bbon|desktop\u00bb link_font_size__hover=\u00bb18px\u00bb]<h3>\u2018M\u00e9d\u00e9e\u2019: Un t\u00edtulo barroco como no se ha visto en el Teatro Real<\/h3>\n<p>[&#8230;] es <strong>el mejor espect\u00e1culo barroco<\/strong> que se ha podido ver en el coso madrile\u00f1o en los \u00faltimos a\u00f1os, <strong>por la calidad de la obra y por la excelencia de la interpretaci\u00f3n<\/strong>, en una producci\u00f3n en la que se han puesto los mimbres necesarios e id\u00f3neos y sin elementos que desentonen y desequilibren el conjunto. [&#8230;]<br \/>[&#8230;] en el Teatro Real esta gema ha sido tallada por las mejores manos posibles. <strong>William Christie<\/strong> mantiene un idilio con esta obra que dura ya cuarenta a\u00f1os. \u00c9l es, como hemos visto, quien m\u00e1s ha hecho por revalorizarla y es un acierto que haya aterrizado en Madrid de su mano. [&#8230;] Christie demostr\u00f3 que sigue en plena forma. [&#8230;] conoce la partitura como nadie y la hace brillar. [&#8230;] lider\u00f3 una orquesta en la que se conjuga la juventud con algunos nombres hist\u00f3ricos que acompa\u00f1an a Christie desde sus inicios. El sonido fue suntuoso [&#8230;]<\/p>\n<h5>\u00a0SCHERZO | Imanol Temprano Lecuona | 8junio2024<\/h5>\n<p style=\"text-align: center;\"><a href=\"https:\/\/scherzo.es\/madrid-medee-un-titulo-barroco-como-no-se-ha-visto-en-el-teatro-real\/\" target=\"_blank\" rel=\"noopener\">\u00a0&#8230; leer cr\u00edtica completa<\/a><\/p>[\/et_pb_text][et_pb_text _builder_version=\u00bb4.25.1&#8243; _module_preset=\u00bbdefault\u00bb text_font=\u00bb|600|||||||\u00bb text_text_color=\u00bb#000000&#8243; text_font_size=\u00bb15px\u00bb text_line_height=\u00bb1.3em\u00bb link_font=\u00bb|600||||on|||\u00bb link_text_align=\u00bbcenter\u00bb link_text_color=\u00bb#E02B20&#8243; link_font_size=\u00bb17px\u00bb link_letter_spacing=\u00bb0.5px\u00bb link_line_height=\u00bb1.1em\u00bb header_3_font=\u00bb||||||||\u00bb header_3_text_align=\u00bbcenter\u00bb header_3_text_color=\u00bb#3f0000&#8243; header_3_line_height=\u00bb1.1em\u00bb header_5_font=\u00bb|700|||||||\u00bb header_5_text_align=\u00bbright\u00bb header_5_text_color=\u00bb#f7f7f7&#8243; header_5_font_size=\u00bb14px\u00bb custom_margin=\u00bb10px||10px|-40px|true|false\u00bb custom_margin_tablet=\u00bb|||0px|true|false\u00bb custom_margin_phone=\u00bb\u00bb custom_margin_last_edited=\u00bbon|tablet\u00bb custom_padding=\u00bb15px|40px|15px|15px|true|false\u00bb custom_padding_tablet=\u00bb20px|25px|20px|25px|true|true\u00bb custom_padding_phone=\u00bb\u00bb custom_padding_last_edited=\u00bbon|tablet\u00bb hover_transition_duration=\u00bb550ms\u00bb background_color_tablet=\u00bb#bcbcbc\u00bb background_color_phone=\u00bb#bcbcbc\u00bb background_last_edited=\u00bbon|phone\u00bb background_enable_color_tablet=\u00bbon\u00bb background_enable_color_phone=\u00bbon\u00bb global_colors_info=\u00bb{}\u00bb link_letter_spacing__hover_enabled=\u00bbon|hover\u00bb link_letter_spacing__hover=\u00bb1px\u00bb link_line_height__hover_enabled=\u00bbon|hover\u00bb link_line_height__hover=\u00bb1.7em\u00bb link_font_size__hover_enabled=\u00bbon|desktop\u00bb link_font_size__hover=\u00bb18px\u00bb]<h3>En \u2018M\u00e9d\u00e9e\u2019, William Christie crea en el Teatro Real un impecable (y perfecto) vestido para Medea<\/h3>\n<p>[&#8230;] los sublimes Les Arts Florissants, que de la mano de su creador y director, William Christie, nos regalan una excelsa versi\u00f3n de esta \u00f3pera. El maestro crea el vestido perfecto para M\u00e9d\u00e9e [&#8230;] junto al magn\u00edfico Coro de Les Arts Florissants, de la mano de la grandiosa orquesta y bajo la batuta de esa leyenda de la m\u00fasica que es William Christie hacen que este banquete barroco de m\u00e1s de tres horas de maravillosa m\u00fasica se convierta una experiencia delicada y sublime. [&#8230;]<\/p>\n<h5>\u00a0SHANGAY | Nacho Fresno | 7junio2024<\/h5>\n<p style=\"text-align: center;\"><a href=\"https:\/\/shangay.com\/2024\/06\/07\/medee-william-christie-crea-en-el-teatro-real-un-impecable-y-perfecto-vestido-para-medea\/\" target=\"_blank\" rel=\"noopener\">\u00a0&#8230; leer cr\u00edtica completa<\/a><\/p>[\/et_pb_text][et_pb_text _builder_version=\u00bb4.25.1&#8243; _module_preset=\u00bbdefault\u00bb text_font=\u00bb|600|||||||\u00bb text_text_color=\u00bb#000000&#8243; text_font_size=\u00bb15px\u00bb text_line_height=\u00bb1.3em\u00bb link_font=\u00bb|600||||on|||\u00bb link_text_align=\u00bbcenter\u00bb link_text_color=\u00bb#E02B20&#8243; link_font_size=\u00bb17px\u00bb link_letter_spacing=\u00bb0.5px\u00bb link_line_height=\u00bb1.1em\u00bb header_3_font=\u00bb||||||||\u00bb header_3_text_align=\u00bbcenter\u00bb header_3_text_color=\u00bb#3f0000&#8243; header_3_line_height=\u00bb1.1em\u00bb header_5_font=\u00bb|700|||||||\u00bb header_5_text_align=\u00bbright\u00bb header_5_text_color=\u00bb#f7f7f7&#8243; header_5_font_size=\u00bb14px\u00bb custom_margin=\u00bb10px||10px|-40px|true|false\u00bb custom_margin_tablet=\u00bb|||0px|true|false\u00bb custom_margin_phone=\u00bb\u00bb custom_margin_last_edited=\u00bbon|tablet\u00bb custom_padding=\u00bb15px|40px|15px|15px|true|false\u00bb custom_padding_tablet=\u00bb20px|25px|20px|25px|true|true\u00bb custom_padding_phone=\u00bb\u00bb custom_padding_last_edited=\u00bbon|tablet\u00bb hover_transition_duration=\u00bb550ms\u00bb background_color_tablet=\u00bb#bcbcbc\u00bb background_color_phone=\u00bb#bcbcbc\u00bb background_last_edited=\u00bbon|phone\u00bb background_enable_color_tablet=\u00bbon\u00bb background_enable_color_phone=\u00bbon\u00bb global_colors_info=\u00bb{}\u00bb link_letter_spacing__hover_enabled=\u00bbon|hover\u00bb link_letter_spacing__hover=\u00bb1px\u00bb link_line_height__hover_enabled=\u00bbon|hover\u00bb link_line_height__hover=\u00bb1.7em\u00bb link_font_size__hover_enabled=\u00bbon|desktop\u00bb link_font_size__hover=\u00bb18px\u00bb]<h3>Una gran Medea en el Teatro Real: hechicera, traidora, ladrona y asesina como el amor<\/h3>\n<p>[&#8230;] La interpretaci\u00f3n de William Christie y sus artes resplandecientes es extraordinaria, hasta el punto de convertir la obra irregular en una corriente de m\u00fasica siempre interesante y grata; orquesta adecuad\u00edsima en su especializaci\u00f3n en estas partituras [&#8230;]<\/p>\n<h5>\u00a0EL MUNDO | \u00c1lvaro del Amo | 7junio2024<\/h5>\n<p style=\"text-align: center;\"><a href=\"https:\/\/www.elmundo.es\/cultura\/musica\/2024\/06\/07\/6662e359e4d4d82b168b4577.html\" target=\"_blank\" rel=\"noopener\">\u00a0&#8230; leer cr\u00edtica completa<\/a><\/p>[\/et_pb_text][et_pb_text _builder_version=\u00bb4.25.1&#8243; _module_preset=\u00bbdefault\u00bb text_font=\u00bb|600|||||||\u00bb text_text_color=\u00bb#000000&#8243; text_font_size=\u00bb15px\u00bb text_line_height=\u00bb1.3em\u00bb link_font=\u00bb|600||||on|||\u00bb link_text_align=\u00bbcenter\u00bb link_text_color=\u00bb#E02B20&#8243; link_font_size=\u00bb17px\u00bb link_letter_spacing=\u00bb0.5px\u00bb link_line_height=\u00bb1.1em\u00bb header_3_font=\u00bb||||||||\u00bb header_3_text_align=\u00bbcenter\u00bb header_3_text_color=\u00bb#3f0000&#8243; header_3_line_height=\u00bb1.1em\u00bb header_5_font=\u00bb|700|||||||\u00bb header_5_text_align=\u00bbright\u00bb header_5_text_color=\u00bb#f7f7f7&#8243; header_5_font_size=\u00bb14px\u00bb custom_margin=\u00bb10px||10px|-40px|true|false\u00bb custom_margin_tablet=\u00bb|||0px|true|false\u00bb custom_margin_phone=\u00bb\u00bb custom_margin_last_edited=\u00bbon|tablet\u00bb custom_padding=\u00bb15px|40px|15px|15px|true|false\u00bb custom_padding_tablet=\u00bb20px|25px|20px|25px|true|true\u00bb custom_padding_phone=\u00bb\u00bb custom_padding_last_edited=\u00bbon|tablet\u00bb hover_transition_duration=\u00bb550ms\u00bb hover_enabled=\u00bb0&#8243; background_color_tablet=\u00bb#bcbcbc\u00bb background_color_phone=\u00bb#bcbcbc\u00bb background_last_edited=\u00bbon|phone\u00bb background_enable_color_tablet=\u00bbon\u00bb background_enable_color_phone=\u00bbon\u00bb global_colors_info=\u00bb{}\u00bb link_letter_spacing__hover_enabled=\u00bbon|hover\u00bb link_letter_spacing__hover=\u00bb1px\u00bb link_line_height__hover_enabled=\u00bbon|hover\u00bb link_line_height__hover=\u00bb1.7em\u00bb link_font_size__hover_enabled=\u00bbon|desktop\u00bb link_font_size__hover=\u00bb18px\u00bb sticky_enabled=\u00bb0&#8243;]<h3>&#8230;otros titulares<\/h3>\n<p style=\"text-align: center;\"><a href=\"https:\/\/www.operaactual.com\/critica\/una-medea-humanizada-charpentier-en-el-teatro-real\/\" target=\"_blank\" rel=\"noopener\">\u00d3pera Actual<\/a><br \/><a href=\"https:\/\/www.beckmesser.com\/critica-medee-de-charpentier-en-el-teatro-real\/\" target=\"_blank\" rel=\"noopener\">Beckmesser<\/a><br \/><a href=\"https:\/\/amp.epe.es\/es\/cultura\/20240607\/alcina-medea-villanas-opera-critica-teatro-real-teatros-canal-103488814\" target=\"_blank\" rel=\"noopener\">El Peri\u00f3dico de Espa\u00f1a<\/a><br \/><a href=\"https:\/\/www.eldebate.com\/cultura\/musica\/20240607\/william-christie-justifica-real-devocion-charpentier_203495_amp.html\" target=\"_blank\" rel=\"noopener\">El Debate<\/a><br \/><a href=\"https:\/\/www.plateamagazine.com\/criticas\/17018-william-christie-presenta-medee-de-charpentier-en-el-real-protagonizada-por-veronique-gens?fbclid=IwZXh0bgNhZW0CMTEAAR0cnAja5EVnpVzropN0_1ykJGP5KHvWkXWZa5yafhNbovzO0p0WSvqlE3k_aem_AaSjcfsBzsbacWzI4IMF_RtcyBIg9CH-9-hv_7XrPF-yzTK9MEfZn_pQcYT9gYVF5eHp8jlop8WXM9G80mt68uR2\" target=\"_blank\" rel=\"noopener\">Platea Magazine<\/a><br \/><a href=\"https:\/\/elasombrario.publico.es\/medea-de-charpentier-el-brutal-encanto-del-crimen-pasional\/\">El Asombrario<\/a><\/p>[\/et_pb_text][\/et_pb_column][\/et_pb_row][\/et_pb_section]","protected":false},"excerpt":{"rendered":"<p>\u00a9Javier Del Real\/Teatro Real\u2018M\u00e9d\u00e9e\u2019: Un t\u00edtulo barroco como no se ha visto en el Teatro Real [&#8230;] es el mejor espect\u00e1culo barroco que se ha podido ver en el coso madrile\u00f1o en los \u00faltimos a\u00f1os, por la calidad de la obra y por la excelencia de la interpretaci\u00f3n, en una producci\u00f3n en la que se [&hellip;]<\/p>","protected":false},"author":5,"featured_media":6349,"comment_status":"closed","ping_status":"closed","sticky":false,"template":"","format":"standard","meta":{"_et_pb_use_builder":"on","_et_pb_old_content":"","_et_gb_content_width":"2880","footnotes":""},"categories":[1],"tags":[],"class_list":["post-6348","post","type-post","status-publish","format-standard","has-post-thumbnail","hentry","category-uncategorized"],"yoast_head":"<!-- This site is optimized with the Yoast SEO plugin v27.5 - https:\/\/yoast.com\/product\/yoast-seo-wordpress\/ -->\n<title>William Christie &amp; Les Arts Florissants &quot;Medea&quot;: el mejor espect\u00e1culo barroco del Teatro Real en a\u00f1os - imusica<\/title>\n<meta name=\"robots\" content=\"index, follow, max-snippet:-1, max-image-preview:large, max-video-preview:-1\" \/>\n<link rel=\"canonical\" href=\"http:\/\/www.e-imusica.com\/en\/william-christie-les-arts-florissants-impecable-medea-el-mejor-espectaculo-barroco-del-teatro-real-en-anos\/\" \/>\n<meta property=\"og:locale\" content=\"en_GB\" \/>\n<meta property=\"og:type\" content=\"article\" \/>\n<meta property=\"og:title\" content=\"William Christie &amp; Les Arts Florissants &quot;Medea&quot;: el mejor espect\u00e1culo barroco del Teatro Real en a\u00f1os - imusica\" \/>\n<meta property=\"og:description\" content=\"\u00a9Javier Del Real\/Teatro Real\u2018M\u00e9d\u00e9e\u2019: Un t\u00edtulo barroco como no se ha visto en el Teatro Real [...] es el mejor espect\u00e1culo barroco que se ha podido ver en el coso madrile\u00f1o en los \u00faltimos a\u00f1os, por la calidad de la obra y por la excelencia de la interpretaci\u00f3n, en una producci\u00f3n en la que se [&hellip;]\" \/>\n<meta property=\"og:url\" content=\"http:\/\/www.e-imusica.com\/en\/william-christie-les-arts-florissants-impecable-medea-el-mejor-espectaculo-barroco-del-teatro-real-en-anos\/\" \/>\n<meta property=\"og:site_name\" content=\"imusica\" \/>\n<meta property=\"article:published_time\" content=\"2024-06-12T15:50:00+00:00\" \/>\n<meta property=\"article:modified_time\" content=\"2024-06-12T16:12:43+00:00\" \/>\n<meta property=\"og:image\" content=\"http:\/\/www.e-imusica.com\/wp-content\/uploads\/2024\/06\/MedeaWilliamChristieLAF-\u00a9JavierDelReal.jpg\" \/>\n\t<meta property=\"og:image:width\" content=\"2444\" \/>\n\t<meta property=\"og:image:height\" content=\"1629\" \/>\n\t<meta property=\"og:image:type\" content=\"image\/jpeg\" \/>\n<meta name=\"author\" content=\"JAAR\" \/>\n<meta name=\"twitter:card\" content=\"summary_large_image\" \/>\n<meta name=\"twitter:label1\" content=\"Written by\" \/>\n\t<meta name=\"twitter:data1\" content=\"JAAR\" \/>\n\t<meta name=\"twitter:label2\" content=\"Estimated reading time\" \/>\n\t<meta name=\"twitter:data2\" content=\"2 minutes\" \/>\n<script type=\"application\/ld+json\" class=\"yoast-schema-graph\">{\"@context\":\"https:\\\/\\\/schema.org\",\"@graph\":[{\"@type\":\"Article\",\"@id\":\"http:\\\/\\\/www.e-imusica.com\\\/william-christie-les-arts-florissants-impecable-medea-el-mejor-espectaculo-barroco-del-teatro-real-en-anos\\\/#article\",\"isPartOf\":{\"@id\":\"http:\\\/\\\/www.e-imusica.com\\\/william-christie-les-arts-florissants-impecable-medea-el-mejor-espectaculo-barroco-del-teatro-real-en-anos\\\/\"},\"author\":{\"name\":\"JAAR\",\"@id\":\"http:\\\/\\\/www.e-imusica.com\\\/#\\\/schema\\\/person\\\/5b5e72bc2b3ab9d66927f83f9176b320\"},\"headline\":\"William Christie &amp; Les Arts Florissants \u00abMedea\u00bb: el mejor espect\u00e1culo barroco del Teatro Real en a\u00f1os\",\"datePublished\":\"2024-06-12T15:50:00+00:00\",\"dateModified\":\"2024-06-12T16:12:43+00:00\",\"mainEntityOfPage\":{\"@id\":\"http:\\\/\\\/www.e-imusica.com\\\/william-christie-les-arts-florissants-impecable-medea-el-mejor-espectaculo-barroco-del-teatro-real-en-anos\\\/\"},\"wordCount\":1818,\"image\":{\"@id\":\"http:\\\/\\\/www.e-imusica.com\\\/william-christie-les-arts-florissants-impecable-medea-el-mejor-espectaculo-barroco-del-teatro-real-en-anos\\\/#primaryimage\"},\"thumbnailUrl\":\"http:\\\/\\\/www.e-imusica.com\\\/wp-content\\\/uploads\\\/2024\\\/06\\\/MedeaWilliamChristieLAF-\u00a9JavierDelReal.jpg\",\"articleSection\":[\"Uncategorized\"],\"inLanguage\":\"en-GB\"},{\"@type\":\"WebPage\",\"@id\":\"http:\\\/\\\/www.e-imusica.com\\\/william-christie-les-arts-florissants-impecable-medea-el-mejor-espectaculo-barroco-del-teatro-real-en-anos\\\/\",\"url\":\"http:\\\/\\\/www.e-imusica.com\\\/william-christie-les-arts-florissants-impecable-medea-el-mejor-espectaculo-barroco-del-teatro-real-en-anos\\\/\",\"name\":\"William Christie &amp; Les Arts Florissants \\\"Medea\\\": el mejor espect\u00e1culo barroco del Teatro Real en a\u00f1os - imusica\",\"isPartOf\":{\"@id\":\"http:\\\/\\\/www.e-imusica.com\\\/#website\"},\"primaryImageOfPage\":{\"@id\":\"http:\\\/\\\/www.e-imusica.com\\\/william-christie-les-arts-florissants-impecable-medea-el-mejor-espectaculo-barroco-del-teatro-real-en-anos\\\/#primaryimage\"},\"image\":{\"@id\":\"http:\\\/\\\/www.e-imusica.com\\\/william-christie-les-arts-florissants-impecable-medea-el-mejor-espectaculo-barroco-del-teatro-real-en-anos\\\/#primaryimage\"},\"thumbnailUrl\":\"http:\\\/\\\/www.e-imusica.com\\\/wp-content\\\/uploads\\\/2024\\\/06\\\/MedeaWilliamChristieLAF-\u00a9JavierDelReal.jpg\",\"datePublished\":\"2024-06-12T15:50:00+00:00\",\"dateModified\":\"2024-06-12T16:12:43+00:00\",\"author\":{\"@id\":\"http:\\\/\\\/www.e-imusica.com\\\/#\\\/schema\\\/person\\\/5b5e72bc2b3ab9d66927f83f9176b320\"},\"breadcrumb\":{\"@id\":\"http:\\\/\\\/www.e-imusica.com\\\/william-christie-les-arts-florissants-impecable-medea-el-mejor-espectaculo-barroco-del-teatro-real-en-anos\\\/#breadcrumb\"},\"inLanguage\":\"en-GB\",\"potentialAction\":[{\"@type\":\"ReadAction\",\"target\":[\"http:\\\/\\\/www.e-imusica.com\\\/william-christie-les-arts-florissants-impecable-medea-el-mejor-espectaculo-barroco-del-teatro-real-en-anos\\\/\"]}]},{\"@type\":\"ImageObject\",\"inLanguage\":\"en-GB\",\"@id\":\"http:\\\/\\\/www.e-imusica.com\\\/william-christie-les-arts-florissants-impecable-medea-el-mejor-espectaculo-barroco-del-teatro-real-en-anos\\\/#primaryimage\",\"url\":\"http:\\\/\\\/www.e-imusica.com\\\/wp-content\\\/uploads\\\/2024\\\/06\\\/MedeaWilliamChristieLAF-\u00a9JavierDelReal.jpg\",\"contentUrl\":\"http:\\\/\\\/www.e-imusica.com\\\/wp-content\\\/uploads\\\/2024\\\/06\\\/MedeaWilliamChristieLAF-\u00a9JavierDelReal.jpg\",\"width\":2444,\"height\":1629},{\"@type\":\"BreadcrumbList\",\"@id\":\"http:\\\/\\\/www.e-imusica.com\\\/william-christie-les-arts-florissants-impecable-medea-el-mejor-espectaculo-barroco-del-teatro-real-en-anos\\\/#breadcrumb\",\"itemListElement\":[{\"@type\":\"ListItem\",\"position\":1,\"name\":\"Portada\",\"item\":\"https:\\\/\\\/www.e-imusica.com\\\/\"},{\"@type\":\"ListItem\",\"position\":2,\"name\":\"William Christie &amp; Les Arts Florissants \u00abMedea\u00bb: el mejor espect\u00e1culo barroco del Teatro Real en a\u00f1os\"}]},{\"@type\":\"WebSite\",\"@id\":\"http:\\\/\\\/www.e-imusica.com\\\/#website\",\"url\":\"http:\\\/\\\/www.e-imusica.com\\\/\",\"name\":\"Imusica\",\"description\":\"Iniciativas Musicales SL\",\"potentialAction\":[{\"@type\":\"SearchAction\",\"target\":{\"@type\":\"EntryPoint\",\"urlTemplate\":\"http:\\\/\\\/www.e-imusica.com\\\/?s={search_term_string}\"},\"query-input\":{\"@type\":\"PropertyValueSpecification\",\"valueRequired\":true,\"valueName\":\"search_term_string\"}}],\"inLanguage\":\"en-GB\"},{\"@type\":\"Person\",\"@id\":\"http:\\\/\\\/www.e-imusica.com\\\/#\\\/schema\\\/person\\\/5b5e72bc2b3ab9d66927f83f9176b320\",\"name\":\"JAAR\",\"image\":{\"@type\":\"ImageObject\",\"inLanguage\":\"en-GB\",\"@id\":\"https:\\\/\\\/secure.gravatar.com\\\/avatar\\\/b03f9f8bf72f13fbde99d3755dc9bb3d9851f9de98636eac9d29d8922a8124c7?s=96&d=mm&r=g\",\"url\":\"https:\\\/\\\/secure.gravatar.com\\\/avatar\\\/b03f9f8bf72f13fbde99d3755dc9bb3d9851f9de98636eac9d29d8922a8124c7?s=96&d=mm&r=g\",\"contentUrl\":\"https:\\\/\\\/secure.gravatar.com\\\/avatar\\\/b03f9f8bf72f13fbde99d3755dc9bb3d9851f9de98636eac9d29d8922a8124c7?s=96&d=mm&r=g\",\"caption\":\"JAAR\"},\"url\":\"http:\\\/\\\/www.e-imusica.com\\\/en\\\/author\\\/jaar\\\/\"}]}<\/script>\n<!-- \/ Yoast SEO plugin. -->","yoast_head_json":{"title":"William Christie &amp; Les Arts Florissants \"Medea\": el mejor espect\u00e1culo barroco del Teatro Real en a\u00f1os - imusica","robots":{"index":"index","follow":"follow","max-snippet":"max-snippet:-1","max-image-preview":"max-image-preview:large","max-video-preview":"max-video-preview:-1"},"canonical":"http:\/\/www.e-imusica.com\/en\/william-christie-les-arts-florissants-impecable-medea-el-mejor-espectaculo-barroco-del-teatro-real-en-anos\/","og_locale":"en_GB","og_type":"article","og_title":"William Christie &amp; Les Arts Florissants \"Medea\": el mejor espect\u00e1culo barroco del Teatro Real en a\u00f1os - imusica","og_description":"\u00a9Javier Del Real\/Teatro Real\u2018M\u00e9d\u00e9e\u2019: Un t\u00edtulo barroco como no se ha visto en el Teatro Real [...] es el mejor espect\u00e1culo barroco que se ha podido ver en el coso madrile\u00f1o en los \u00faltimos a\u00f1os, por la calidad de la obra y por la excelencia de la interpretaci\u00f3n, en una producci\u00f3n en la que se [&hellip;]","og_url":"http:\/\/www.e-imusica.com\/en\/william-christie-les-arts-florissants-impecable-medea-el-mejor-espectaculo-barroco-del-teatro-real-en-anos\/","og_site_name":"imusica","article_published_time":"2024-06-12T15:50:00+00:00","article_modified_time":"2024-06-12T16:12:43+00:00","og_image":[{"width":2444,"height":1629,"url":"http:\/\/www.e-imusica.com\/wp-content\/uploads\/2024\/06\/MedeaWilliamChristieLAF-\u00a9JavierDelReal.jpg","type":"image\/jpeg"}],"author":"JAAR","twitter_card":"summary_large_image","twitter_misc":{"Written by":"JAAR","Estimated reading time":"2 minutes"},"schema":{"@context":"https:\/\/schema.org","@graph":[{"@type":"Article","@id":"http:\/\/www.e-imusica.com\/william-christie-les-arts-florissants-impecable-medea-el-mejor-espectaculo-barroco-del-teatro-real-en-anos\/#article","isPartOf":{"@id":"http:\/\/www.e-imusica.com\/william-christie-les-arts-florissants-impecable-medea-el-mejor-espectaculo-barroco-del-teatro-real-en-anos\/"},"author":{"name":"JAAR","@id":"http:\/\/www.e-imusica.com\/#\/schema\/person\/5b5e72bc2b3ab9d66927f83f9176b320"},"headline":"William Christie &amp; Les Arts Florissants \u00abMedea\u00bb: el mejor espect\u00e1culo barroco del Teatro Real en a\u00f1os","datePublished":"2024-06-12T15:50:00+00:00","dateModified":"2024-06-12T16:12:43+00:00","mainEntityOfPage":{"@id":"http:\/\/www.e-imusica.com\/william-christie-les-arts-florissants-impecable-medea-el-mejor-espectaculo-barroco-del-teatro-real-en-anos\/"},"wordCount":1818,"image":{"@id":"http:\/\/www.e-imusica.com\/william-christie-les-arts-florissants-impecable-medea-el-mejor-espectaculo-barroco-del-teatro-real-en-anos\/#primaryimage"},"thumbnailUrl":"http:\/\/www.e-imusica.com\/wp-content\/uploads\/2024\/06\/MedeaWilliamChristieLAF-\u00a9JavierDelReal.jpg","articleSection":["Uncategorized"],"inLanguage":"en-GB"},{"@type":"WebPage","@id":"http:\/\/www.e-imusica.com\/william-christie-les-arts-florissants-impecable-medea-el-mejor-espectaculo-barroco-del-teatro-real-en-anos\/","url":"http:\/\/www.e-imusica.com\/william-christie-les-arts-florissants-impecable-medea-el-mejor-espectaculo-barroco-del-teatro-real-en-anos\/","name":"William Christie &amp; Les Arts Florissants \"Medea\": el mejor espect\u00e1culo barroco del Teatro Real en a\u00f1os - imusica","isPartOf":{"@id":"http:\/\/www.e-imusica.com\/#website"},"primaryImageOfPage":{"@id":"http:\/\/www.e-imusica.com\/william-christie-les-arts-florissants-impecable-medea-el-mejor-espectaculo-barroco-del-teatro-real-en-anos\/#primaryimage"},"image":{"@id":"http:\/\/www.e-imusica.com\/william-christie-les-arts-florissants-impecable-medea-el-mejor-espectaculo-barroco-del-teatro-real-en-anos\/#primaryimage"},"thumbnailUrl":"http:\/\/www.e-imusica.com\/wp-content\/uploads\/2024\/06\/MedeaWilliamChristieLAF-\u00a9JavierDelReal.jpg","datePublished":"2024-06-12T15:50:00+00:00","dateModified":"2024-06-12T16:12:43+00:00","author":{"@id":"http:\/\/www.e-imusica.com\/#\/schema\/person\/5b5e72bc2b3ab9d66927f83f9176b320"},"breadcrumb":{"@id":"http:\/\/www.e-imusica.com\/william-christie-les-arts-florissants-impecable-medea-el-mejor-espectaculo-barroco-del-teatro-real-en-anos\/#breadcrumb"},"inLanguage":"en-GB","potentialAction":[{"@type":"ReadAction","target":["http:\/\/www.e-imusica.com\/william-christie-les-arts-florissants-impecable-medea-el-mejor-espectaculo-barroco-del-teatro-real-en-anos\/"]}]},{"@type":"ImageObject","inLanguage":"en-GB","@id":"http:\/\/www.e-imusica.com\/william-christie-les-arts-florissants-impecable-medea-el-mejor-espectaculo-barroco-del-teatro-real-en-anos\/#primaryimage","url":"http:\/\/www.e-imusica.com\/wp-content\/uploads\/2024\/06\/MedeaWilliamChristieLAF-\u00a9JavierDelReal.jpg","contentUrl":"http:\/\/www.e-imusica.com\/wp-content\/uploads\/2024\/06\/MedeaWilliamChristieLAF-\u00a9JavierDelReal.jpg","width":2444,"height":1629},{"@type":"BreadcrumbList","@id":"http:\/\/www.e-imusica.com\/william-christie-les-arts-florissants-impecable-medea-el-mejor-espectaculo-barroco-del-teatro-real-en-anos\/#breadcrumb","itemListElement":[{"@type":"ListItem","position":1,"name":"Portada","item":"https:\/\/www.e-imusica.com\/"},{"@type":"ListItem","position":2,"name":"William Christie &amp; Les Arts Florissants \u00abMedea\u00bb: el mejor espect\u00e1culo barroco del Teatro Real en a\u00f1os"}]},{"@type":"WebSite","@id":"http:\/\/www.e-imusica.com\/#website","url":"http:\/\/www.e-imusica.com\/","name":"Imusica","description":"Iniciativas Musicales SL","potentialAction":[{"@type":"SearchAction","target":{"@type":"EntryPoint","urlTemplate":"http:\/\/www.e-imusica.com\/?s={search_term_string}"},"query-input":{"@type":"PropertyValueSpecification","valueRequired":true,"valueName":"search_term_string"}}],"inLanguage":"en-GB"},{"@type":"Person","@id":"http:\/\/www.e-imusica.com\/#\/schema\/person\/5b5e72bc2b3ab9d66927f83f9176b320","name":"JAAR","image":{"@type":"ImageObject","inLanguage":"en-GB","@id":"https:\/\/secure.gravatar.com\/avatar\/b03f9f8bf72f13fbde99d3755dc9bb3d9851f9de98636eac9d29d8922a8124c7?s=96&d=mm&r=g","url":"https:\/\/secure.gravatar.com\/avatar\/b03f9f8bf72f13fbde99d3755dc9bb3d9851f9de98636eac9d29d8922a8124c7?s=96&d=mm&r=g","contentUrl":"https:\/\/secure.gravatar.com\/avatar\/b03f9f8bf72f13fbde99d3755dc9bb3d9851f9de98636eac9d29d8922a8124c7?s=96&d=mm&r=g","caption":"JAAR"},"url":"http:\/\/www.e-imusica.com\/en\/author\/jaar\/"}]}},"_links":{"self":[{"href":"http:\/\/www.e-imusica.com\/en\/wp-json\/wp\/v2\/posts\/6348","targetHints":{"allow":["GET"]}}],"collection":[{"href":"http:\/\/www.e-imusica.com\/en\/wp-json\/wp\/v2\/posts"}],"about":[{"href":"http:\/\/www.e-imusica.com\/en\/wp-json\/wp\/v2\/types\/post"}],"author":[{"embeddable":true,"href":"http:\/\/www.e-imusica.com\/en\/wp-json\/wp\/v2\/users\/5"}],"replies":[{"embeddable":true,"href":"http:\/\/www.e-imusica.com\/en\/wp-json\/wp\/v2\/comments?post=6348"}],"version-history":[{"count":9,"href":"http:\/\/www.e-imusica.com\/en\/wp-json\/wp\/v2\/posts\/6348\/revisions"}],"predecessor-version":[{"id":6362,"href":"http:\/\/www.e-imusica.com\/en\/wp-json\/wp\/v2\/posts\/6348\/revisions\/6362"}],"wp:featuredmedia":[{"embeddable":true,"href":"http:\/\/www.e-imusica.com\/en\/wp-json\/wp\/v2\/media\/6349"}],"wp:attachment":[{"href":"http:\/\/www.e-imusica.com\/en\/wp-json\/wp\/v2\/media?parent=6348"}],"wp:term":[{"taxonomy":"category","embeddable":true,"href":"http:\/\/www.e-imusica.com\/en\/wp-json\/wp\/v2\/categories?post=6348"},{"taxonomy":"post_tag","embeddable":true,"href":"http:\/\/www.e-imusica.com\/en\/wp-json\/wp\/v2\/tags?post=6348"}],"curies":[{"name":"wp","href":"https:\/\/api.w.org\/{rel}","templated":true}]}}