{"id":6044,"date":"2024-04-26T12:50:37","date_gmt":"2024-04-26T12:50:37","guid":{"rendered":"https:\/\/www.e-imusica.com\/?p=6044"},"modified":"2024-04-26T12:54:20","modified_gmt":"2024-04-26T12:54:20","slug":"le-poeme-harmonique-vincent-dumestre-encandilan-al-publico-ovetense-con-coronis","status":"publish","type":"post","link":"http:\/\/www.e-imusica.com\/en\/le-poeme-harmonique-vincent-dumestre-encandilan-al-publico-ovetense-con-coronis\/","title":{"rendered":"Le Po\u00e8me Harmonique &amp; Vincent Dumestre encandilan al p\u00fablico ovetense con \u00abCoronis\u00bb"},"content":{"rendered":"<p>[et_pb_section fb_built=\u00bb1&#8243; _builder_version=\u00bb4.24.3&#8243; _module_preset=\u00bbdefault\u00bb da_disable_devices=\u00bboff|off|off\u00bb global_colors_info=\u00bb{}\u00bb da_is_popup=\u00bboff\u00bb da_exit_intent=\u00bboff\u00bb da_has_close=\u00bbon\u00bb da_alt_close=\u00bboff\u00bb da_dark_close=\u00bboff\u00bb da_not_modal=\u00bbon\u00bb da_is_singular=\u00bboff\u00bb da_with_loader=\u00bboff\u00bb da_has_shadow=\u00bbon\u00bb][et_pb_row _builder_version=\u00bb4.22.0&#8243; _module_preset=\u00bbdefault\u00bb global_colors_info=\u00bb{}\u00bb][et_pb_column type=\u00bb4_4&#8243; _builder_version=\u00bb4.22.0&#8243; _module_preset=\u00bbdefault\u00bb global_colors_info=\u00bb{}\u00bb][et_pb_post_title meta=\u00bboff\u00bb date_format=\u00bbd\/m\/y\u00bb featured_image=\u00bboff\u00bb _builder_version=\u00bb4.25.0&#8243; _module_preset=\u00bbdefault\u00bb title_font=\u00bbBodoni Moda|600||||on|||\u00bb title_text_align=\u00bbcenter\u00bb title_font_size=\u00bb3vw\u00bb title_letter_spacing=\u00bb-0.5px\u00bb title_line_height=\u00bb1.6em\u00bb meta_text_align=\u00bbcenter\u00bb meta_text_color=\u00bb#000000&#8243; meta_font_size=\u00bb16px\u00bb width=\u00bb80%\u00bb width_tablet=\u00bb100%\u00bb width_phone=\u00bb100%\u00bb width_last_edited=\u00bbon|desktop\u00bb module_alignment=\u00bbcenter\u00bb title_font_size_tablet=\u00bb24px\u00bb title_font_size_phone=\u00bb25px\u00bb title_font_size_last_edited=\u00bbon|phone\u00bb title_line_height_tablet=\u00bb1.6em\u00bb title_line_height_phone=\u00bb1.2em\u00bb title_line_height_last_edited=\u00bbon|phone\u00bb meta_font_size_tablet=\u00bb15px\u00bb meta_font_size_phone=\u00bb15px\u00bb meta_font_size_last_edited=\u00bbon|desktop\u00bb global_colors_info=\u00bb{}\u00bb title_font_size__hover_enabled=\u00bboff|desktop\u00bb][\/et_pb_post_title][\/et_pb_column][\/et_pb_row][et_pb_row column_structure=\u00bb1_2,1_2&#8243; use_custom_gutter=\u00bbon\u00bb gutter_width=\u00bb1&#8243; make_equal=\u00bbon\u00bb _builder_version=\u00bb4.24.3&#8243; _module_preset=\u00bbdefault\u00bb width=\u00bb92%\u00bb width_tablet=\u00bb\u00bb width_phone=\u00bb\u00bb width_last_edited=\u00bbon|phone\u00bb max_width=\u00bb1920px\u00bb module_alignment=\u00bbcenter\u00bb global_colors_info=\u00bb{}\u00bb][et_pb_column type=\u00bb1_2&#8243; _builder_version=\u00bb4.24.3&#8243; _module_preset=\u00bbdefault\u00bb global_colors_info=\u00bb{}\u00bb][et_pb_post_title meta=\u00bboff\u00bb date_format=\u00bbd\/m\/y\u00bb featured_placement=\u00bbabove\u00bb title_tablet=\u00bb\u00bb title_phone=\u00bboff\u00bb title_last_edited=\u00bbon|phone\u00bb _builder_version=\u00bb4.24.3&#8243; _module_preset=\u00bbdefault\u00bb title_font=\u00bb||||||||\u00bb title_text_align=\u00bbleft\u00bb title_text_color=\u00bb#FFFFFF\u00bb title_font_size=\u00bb17px\u00bb title_line_height=\u00bb1.2em\u00bb meta_text_align=\u00bbcenter\u00bb meta_text_color=\u00bb#000000&#8243; meta_font_size=\u00bb16px\u00bb background_color=\u00bb#bcbcbc\u00bb width_tablet=\u00bb100%\u00bb width_phone=\u00bb100%\u00bb width_last_edited=\u00bboff|desktop\u00bb module_alignment=\u00bbcenter\u00bb custom_margin=\u00bb||0px||false|false\u00bb custom_margin_tablet=\u00bb0px||||false|false\u00bb custom_margin_phone=\u00bb\u00bb custom_margin_last_edited=\u00bbon|tablet\u00bb custom_padding=\u00bb10px|70px||10px|false|false\u00bb custom_padding_tablet=\u00bb10px|11px||11px|false|true\u00bb custom_padding_phone=\u00bb7px|7px|0px|7px|false|true\u00bb custom_padding_last_edited=\u00bbon|phone\u00bb title_font_size_tablet=\u00bb24px\u00bb title_font_size_phone=\u00bb20px\u00bb title_font_size_last_edited=\u00bbon|phone\u00bb meta_font_size_tablet=\u00bb15px\u00bb meta_font_size_phone=\u00bb15px\u00bb meta_font_size_last_edited=\u00bbon|desktop\u00bb background_color_phone=\u00bbRGBA(255,255,255,0)\u00bb background_last_edited=\u00bboff|desktop\u00bb background_enable_color_phone=\u00bbon\u00bb global_colors_info=\u00bb{}\u00bb title_font_size__hover_enabled=\u00bboff|desktop\u00bb][\/et_pb_post_title][et_pb_text admin_label=\u00bbcr\u00e9ditos imagen\u00bb _builder_version=\u00bb4.25.0&#8243; _module_preset=\u00bbdefault\u00bb text_text_color=\u00bb#bcbcbc\u00bb background_color=\u00bb#232323&#8243; positioning=\u00bbabsolute\u00bb text_orientation=\u00bbright\u00bb width=\u00bb100%\u00bb custom_margin=\u00bb20px|||22vw|false|false\u00bb custom_margin_tablet=\u00bb17px|||0px|false|false\u00bb custom_margin_phone=\u00bb7px||||false|false\u00bb custom_margin_last_edited=\u00bbon|phone\u00bb custom_padding=\u00bb|30vw||0px|false|false\u00bb custom_padding_tablet=\u00bb|24px||24px|false|true\u00bb custom_padding_phone=\u00bb|11px||11px|false|true\u00bb custom_padding_last_edited=\u00bbon|phone\u00bb hover_enabled=\u00bb0&#8243; text_font_size_tablet=\u00bb\u00bb text_font_size_phone=\u00bb12px\u00bb text_font_size_last_edited=\u00bbon|phone\u00bb text_line_height_tablet=\u00bb\u00bb text_line_height_phone=\u00bb1.5em\u00bb text_line_height_last_edited=\u00bbon|phone\u00bb text_orientation_tablet=\u00bb\u00bb text_orientation_phone=\u00bb\u00bb text_orientation_last_edited=\u00bbon|phone\u00bb global_colors_info=\u00bb{}\u00bb sticky_enabled=\u00bb0&#8243;]<\/p>\n<p>\u00a9Alfonso Sua\u0301rez (Campoamor)<\/p>\n<p>[\/et_pb_text][\/et_pb_column][et_pb_column type=\u00bb1_2&#8243; _builder_version=\u00bb4.24.3&#8243; _module_preset=\u00bbdefault\u00bb global_colors_info=\u00bb{}\u00bb][et_pb_text disabled_on=\u00bbon|on|off\u00bb admin_label=\u00bbfondo\u00bb _builder_version=\u00bb4.24.3&#8243; _module_preset=\u00bbdefault\u00bb background_color=\u00bb#bcbcbc\u00bb positioning=\u00bbabsolute\u00bb z_index=\u00bb-115&#8243; width=\u00bb108%\u00bb height=\u00bb100%\u00bb custom_margin=\u00bb|||-60px|false|false\u00bb custom_padding=\u00bb20px|||125px|false|false\u00bb global_colors_info=\u00bb{}\u00bb][\/et_pb_text][et_pb_text _builder_version=\u00bb4.25.0&#8243; _module_preset=\u00bbdefault\u00bb text_font=\u00bb|600|||||||\u00bb text_text_color=\u00bb#000000&#8243; text_font_size=\u00bb15px\u00bb text_line_height=\u00bb1.3em\u00bb link_font=\u00bb|600||||on|||\u00bb link_text_align=\u00bbcenter\u00bb link_text_color=\u00bb#E02B20&#8243; link_font_size=\u00bb17px\u00bb link_letter_spacing=\u00bb0.5px\u00bb link_line_height=\u00bb1.1em\u00bb header_3_font=\u00bb||||||||\u00bb header_3_text_align=\u00bbcenter\u00bb header_3_text_color=\u00bb#3f0000&#8243; header_3_line_height=\u00bb1.1em\u00bb header_5_font=\u00bb|700|||||||\u00bb header_5_text_align=\u00bbright\u00bb header_5_text_color=\u00bb#f7f7f7&#8243; header_5_font_size=\u00bb14px\u00bb custom_margin=\u00bb10px||10px|-40px|true|false\u00bb custom_margin_tablet=\u00bb|||0px|true|false\u00bb custom_margin_phone=\u00bb\u00bb custom_margin_last_edited=\u00bbon|tablet\u00bb custom_padding=\u00bb15px|40px|15px|15px|true|false\u00bb custom_padding_tablet=\u00bb20px|25px|20px|25px|true|true\u00bb custom_padding_phone=\u00bb\u00bb custom_padding_last_edited=\u00bbon|tablet\u00bb hover_transition_duration=\u00bb550ms\u00bb hover_enabled=\u00bb0&#8243; background_color_tablet=\u00bb#bcbcbc\u00bb background_color_phone=\u00bb#bcbcbc\u00bb background_last_edited=\u00bbon|phone\u00bb background_enable_color_tablet=\u00bbon\u00bb background_enable_color_phone=\u00bbon\u00bb global_colors_info=\u00bb{}\u00bb link_letter_spacing__hover_enabled=\u00bbon|hover\u00bb link_letter_spacing__hover=\u00bb1px\u00bb link_line_height__hover_enabled=\u00bbon|hover\u00bb link_line_height__hover=\u00bb1.7em\u00bb link_font_size__hover_enabled=\u00bbon|desktop\u00bb link_font_size__hover=\u00bb18px\u00bb sticky_enabled=\u00bb0&#8243;]<\/p>\n<h3>\u2018Coronis\u2019, una iniciativa redonda y un espect\u00e1culo may\u00fasculo<\/h3>\n<p>[&#8230;] estamos de enhorabuena: hemos asistido a la \u00fanica representaci\u00f3n esc\u00e9nica que se ha realizado en nuestro pa\u00eds de Coronis, [&#8230;]<br \/>[&#8230;] Lo m\u00e1s destacable de la propuesta que se ofreci\u00f3 en el Teatro Campoamor es la visi\u00f3n unitaria de m\u00fasica y escena: la interrelaci\u00f3n y el trabajo al detalle entre orquesta, cantantes y propuesta esc\u00e9nica la pudimos disfrutar de principio a fin. Ha sido destacable el fino empaste entre las distintas voces, y entre ellas y la orquesta, y el cuidado con que se reflejan las ideas musicales y esc\u00e9nicas en todos los planos. [&#8230;]<\/p>\n<p>La orquesta, desde un trabajo depurad\u00edsimo, ofreci\u00f3 bellos e interesantes cambios t\u00edmbricos en el uso de cuerda, ya sea frotada o pinzada, contrastantes con el uso del arpa, la guitarra o el clave. Al mismo tiempo, sorprend\u00edan los dulces sonidos de la familia de la flauta de pico, los penetrantes oboes y fagot, as\u00ed como el \u00f3rgano portativo. Una delicia para los sentidos. [&#8230;]<\/p>\n<h5>\u00a0SCHERZO | Miriam Perandones | 22abril2024<\/h5>\n<p style=\"text-align: center;\"><a href=\"https:\/\/scherzo.es\/oviedo-coronis-una-iniciativa-redonda-y-un-espectaculo-mayusculo\/\" target=\"_blank\" rel=\"noopener\">\u00a0&#8230; leer noticia completa<\/a><\/p>\n<p>[\/et_pb_text][et_pb_text _builder_version=\u00bb4.25.0&#8243; _module_preset=\u00bbdefault\u00bb text_font=\u00bb|600|||||||\u00bb text_text_color=\u00bb#000000&#8243; text_font_size=\u00bb15px\u00bb text_line_height=\u00bb1.3em\u00bb link_font=\u00bb|600||||on|||\u00bb link_text_align=\u00bbcenter\u00bb link_text_color=\u00bb#E02B20&#8243; link_font_size=\u00bb17px\u00bb link_letter_spacing=\u00bb0.5px\u00bb link_line_height=\u00bb1.1em\u00bb header_3_font=\u00bb||||||||\u00bb header_3_text_align=\u00bbcenter\u00bb header_3_text_color=\u00bb#3f0000&#8243; header_3_line_height=\u00bb1.1em\u00bb header_5_font=\u00bb|700|||||||\u00bb header_5_text_align=\u00bbright\u00bb header_5_text_color=\u00bb#f7f7f7&#8243; header_5_font_size=\u00bb14px\u00bb custom_margin=\u00bb10px||10px|-40px|true|false\u00bb custom_margin_tablet=\u00bb|||0px|true|false\u00bb custom_margin_phone=\u00bb\u00bb custom_margin_last_edited=\u00bbon|tablet\u00bb custom_padding=\u00bb15px|40px|15px|15px|true|false\u00bb custom_padding_tablet=\u00bb20px|25px|20px|25px|true|true\u00bb custom_padding_phone=\u00bb\u00bb custom_padding_last_edited=\u00bbon|tablet\u00bb hover_transition_duration=\u00bb550ms\u00bb hover_enabled=\u00bb0&#8243; background_color_tablet=\u00bb#bcbcbc\u00bb background_color_phone=\u00bb#bcbcbc\u00bb background_last_edited=\u00bbon|phone\u00bb background_enable_color_tablet=\u00bbon\u00bb background_enable_color_phone=\u00bbon\u00bb global_colors_info=\u00bb{}\u00bb link_letter_spacing__hover_enabled=\u00bbon|hover\u00bb link_letter_spacing__hover=\u00bb1px\u00bb link_line_height__hover_enabled=\u00bbon|hover\u00bb link_line_height__hover=\u00bb1.7em\u00bb link_font_size__hover_enabled=\u00bbon|desktop\u00bb link_font_size__hover=\u00bb18px\u00bb sticky_enabled=\u00bb0&#8243;]<\/p>\n<p style=\"text-align: center;\"><strong>&lt;&lt;Vincent Dumestre, el director musical, al frente de la orquesta \u00abLe Po\u00e8me Harmonique\u00bb, que se gan\u00f3 el aplauso del p\u00fablico incluso en el transcurso de la funci\u00f3n&gt;&gt;<\/strong><\/p>\n<h5>\u00a0LA NUEVA ESPA\u00d1A | 19abril2024<a href=\"https:\/\/scherzo.es\/oviedo-coronis-una-iniciativa-redonda-y-un-espectaculo-mayusculo\/\" target=\"_blank\" rel=\"noopener\"><\/a><\/h5>\n<p>[\/et_pb_text][\/et_pb_column][\/et_pb_row][\/et_pb_section]<\/p>","protected":false},"excerpt":{"rendered":"<p>\u00a9Alfonso Sua\u0301rez (Campoamor)\u2018Coronis\u2019, una iniciativa redonda y un espect\u00e1culo may\u00fasculo [&#8230;] estamos de enhorabuena: hemos asistido a la \u00fanica representaci\u00f3n esc\u00e9nica que se ha realizado en nuestro pa\u00eds de Coronis, [&#8230;][&#8230;] Lo m\u00e1s destacable de la propuesta que se ofreci\u00f3 en el Teatro Campoamor es la visi\u00f3n unitaria de m\u00fasica y escena: la interrelaci\u00f3n y [&hellip;]<\/p>","protected":false},"author":5,"featured_media":6047,"comment_status":"closed","ping_status":"closed","sticky":false,"template":"","format":"standard","meta":{"_et_pb_use_builder":"on","_et_pb_old_content":"","_et_gb_content_width":"2880","footnotes":""},"categories":[1],"tags":[],"class_list":["post-6044","post","type-post","status-publish","format-standard","has-post-thumbnail","hentry","category-uncategorized"],"yoast_head":"<!-- This site is optimized with the Yoast SEO plugin v27.5 - https:\/\/yoast.com\/product\/yoast-seo-wordpress\/ -->\n<title>Le Po\u00e8me Harmonique &amp; Vincent Dumestre encandilan al p\u00fablico ovetense con &quot;Coronis&quot; - imusica<\/title>\n<meta name=\"robots\" content=\"index, follow, max-snippet:-1, max-image-preview:large, max-video-preview:-1\" \/>\n<link rel=\"canonical\" href=\"http:\/\/www.e-imusica.com\/en\/le-poeme-harmonique-vincent-dumestre-encandilan-al-publico-ovetense-con-coronis\/\" \/>\n<meta property=\"og:locale\" content=\"en_GB\" \/>\n<meta property=\"og:type\" content=\"article\" \/>\n<meta property=\"og:title\" content=\"Le Po\u00e8me Harmonique &amp; Vincent Dumestre encandilan al p\u00fablico ovetense con &quot;Coronis&quot; - imusica\" \/>\n<meta property=\"og:description\" content=\"\u00a9Alfonso Sua\u0301rez (Campoamor)\u2018Coronis\u2019, una iniciativa redonda y un espect\u00e1culo may\u00fasculo [...] estamos de enhorabuena: hemos asistido a la \u00fanica representaci\u00f3n esc\u00e9nica que se ha realizado en nuestro pa\u00eds de Coronis, [...][...] Lo m\u00e1s destacable de la propuesta que se ofreci\u00f3 en el Teatro Campoamor es la visi\u00f3n unitaria de m\u00fasica y escena: la interrelaci\u00f3n y [&hellip;]\" \/>\n<meta property=\"og:url\" content=\"http:\/\/www.e-imusica.com\/en\/le-poeme-harmonique-vincent-dumestre-encandilan-al-publico-ovetense-con-coronis\/\" \/>\n<meta property=\"og:site_name\" content=\"imusica\" \/>\n<meta property=\"article:published_time\" content=\"2024-04-26T12:50:37+00:00\" \/>\n<meta property=\"article:modified_time\" content=\"2024-04-26T12:54:20+00:00\" \/>\n<meta property=\"og:image\" content=\"http:\/\/www.e-imusica.com\/wp-content\/uploads\/2024\/04\/Coronis-Le-Poeme-Harmonique.jpg\" \/>\n\t<meta property=\"og:image:width\" content=\"1200\" \/>\n\t<meta property=\"og:image:height\" content=\"706\" \/>\n\t<meta property=\"og:image:type\" content=\"image\/jpeg\" \/>\n<meta name=\"author\" content=\"JAAR\" \/>\n<meta name=\"twitter:card\" content=\"summary_large_image\" \/>\n<meta name=\"twitter:label1\" content=\"Written by\" \/>\n\t<meta name=\"twitter:data1\" content=\"JAAR\" \/>\n\t<meta name=\"twitter:label2\" content=\"Estimated reading time\" \/>\n\t<meta name=\"twitter:data2\" content=\"1 minute\" \/>\n<script type=\"application\/ld+json\" class=\"yoast-schema-graph\">{\"@context\":\"https:\\\/\\\/schema.org\",\"@graph\":[{\"@type\":\"Article\",\"@id\":\"http:\\\/\\\/www.e-imusica.com\\\/le-poeme-harmonique-vincent-dumestre-encandilan-al-publico-ovetense-con-coronis\\\/#article\",\"isPartOf\":{\"@id\":\"http:\\\/\\\/www.e-imusica.com\\\/le-poeme-harmonique-vincent-dumestre-encandilan-al-publico-ovetense-con-coronis\\\/\"},\"author\":{\"name\":\"JAAR\",\"@id\":\"http:\\\/\\\/www.e-imusica.com\\\/#\\\/schema\\\/person\\\/5b5e72bc2b3ab9d66927f83f9176b320\"},\"headline\":\"Le Po\u00e8me Harmonique &amp; Vincent Dumestre encandilan al p\u00fablico ovetense con \u00abCoronis\u00bb\",\"datePublished\":\"2024-04-26T12:50:37+00:00\",\"dateModified\":\"2024-04-26T12:54:20+00:00\",\"mainEntityOfPage\":{\"@id\":\"http:\\\/\\\/www.e-imusica.com\\\/le-poeme-harmonique-vincent-dumestre-encandilan-al-publico-ovetense-con-coronis\\\/\"},\"wordCount\":1282,\"image\":{\"@id\":\"http:\\\/\\\/www.e-imusica.com\\\/le-poeme-harmonique-vincent-dumestre-encandilan-al-publico-ovetense-con-coronis\\\/#primaryimage\"},\"thumbnailUrl\":\"http:\\\/\\\/www.e-imusica.com\\\/wp-content\\\/uploads\\\/2024\\\/04\\\/Coronis-Le-Poeme-Harmonique.jpg\",\"articleSection\":[\"Uncategorized\"],\"inLanguage\":\"en-GB\"},{\"@type\":\"WebPage\",\"@id\":\"http:\\\/\\\/www.e-imusica.com\\\/le-poeme-harmonique-vincent-dumestre-encandilan-al-publico-ovetense-con-coronis\\\/\",\"url\":\"http:\\\/\\\/www.e-imusica.com\\\/le-poeme-harmonique-vincent-dumestre-encandilan-al-publico-ovetense-con-coronis\\\/\",\"name\":\"Le Po\u00e8me Harmonique &amp; Vincent Dumestre encandilan al p\u00fablico ovetense con \\\"Coronis\\\" - imusica\",\"isPartOf\":{\"@id\":\"http:\\\/\\\/www.e-imusica.com\\\/#website\"},\"primaryImageOfPage\":{\"@id\":\"http:\\\/\\\/www.e-imusica.com\\\/le-poeme-harmonique-vincent-dumestre-encandilan-al-publico-ovetense-con-coronis\\\/#primaryimage\"},\"image\":{\"@id\":\"http:\\\/\\\/www.e-imusica.com\\\/le-poeme-harmonique-vincent-dumestre-encandilan-al-publico-ovetense-con-coronis\\\/#primaryimage\"},\"thumbnailUrl\":\"http:\\\/\\\/www.e-imusica.com\\\/wp-content\\\/uploads\\\/2024\\\/04\\\/Coronis-Le-Poeme-Harmonique.jpg\",\"datePublished\":\"2024-04-26T12:50:37+00:00\",\"dateModified\":\"2024-04-26T12:54:20+00:00\",\"author\":{\"@id\":\"http:\\\/\\\/www.e-imusica.com\\\/#\\\/schema\\\/person\\\/5b5e72bc2b3ab9d66927f83f9176b320\"},\"breadcrumb\":{\"@id\":\"http:\\\/\\\/www.e-imusica.com\\\/le-poeme-harmonique-vincent-dumestre-encandilan-al-publico-ovetense-con-coronis\\\/#breadcrumb\"},\"inLanguage\":\"en-GB\",\"potentialAction\":[{\"@type\":\"ReadAction\",\"target\":[\"http:\\\/\\\/www.e-imusica.com\\\/le-poeme-harmonique-vincent-dumestre-encandilan-al-publico-ovetense-con-coronis\\\/\"]}]},{\"@type\":\"ImageObject\",\"inLanguage\":\"en-GB\",\"@id\":\"http:\\\/\\\/www.e-imusica.com\\\/le-poeme-harmonique-vincent-dumestre-encandilan-al-publico-ovetense-con-coronis\\\/#primaryimage\",\"url\":\"http:\\\/\\\/www.e-imusica.com\\\/wp-content\\\/uploads\\\/2024\\\/04\\\/Coronis-Le-Poeme-Harmonique.jpg\",\"contentUrl\":\"http:\\\/\\\/www.e-imusica.com\\\/wp-content\\\/uploads\\\/2024\\\/04\\\/Coronis-Le-Poeme-Harmonique.jpg\",\"width\":1200,\"height\":706,\"caption\":\"OLYMPUS DIGITAL CAMERA\"},{\"@type\":\"BreadcrumbList\",\"@id\":\"http:\\\/\\\/www.e-imusica.com\\\/le-poeme-harmonique-vincent-dumestre-encandilan-al-publico-ovetense-con-coronis\\\/#breadcrumb\",\"itemListElement\":[{\"@type\":\"ListItem\",\"position\":1,\"name\":\"Portada\",\"item\":\"https:\\\/\\\/www.e-imusica.com\\\/\"},{\"@type\":\"ListItem\",\"position\":2,\"name\":\"Le Po\u00e8me Harmonique &amp; Vincent Dumestre encandilan al p\u00fablico ovetense con \u00abCoronis\u00bb\"}]},{\"@type\":\"WebSite\",\"@id\":\"http:\\\/\\\/www.e-imusica.com\\\/#website\",\"url\":\"http:\\\/\\\/www.e-imusica.com\\\/\",\"name\":\"Imusica\",\"description\":\"Iniciativas Musicales SL\",\"potentialAction\":[{\"@type\":\"SearchAction\",\"target\":{\"@type\":\"EntryPoint\",\"urlTemplate\":\"http:\\\/\\\/www.e-imusica.com\\\/?s={search_term_string}\"},\"query-input\":{\"@type\":\"PropertyValueSpecification\",\"valueRequired\":true,\"valueName\":\"search_term_string\"}}],\"inLanguage\":\"en-GB\"},{\"@type\":\"Person\",\"@id\":\"http:\\\/\\\/www.e-imusica.com\\\/#\\\/schema\\\/person\\\/5b5e72bc2b3ab9d66927f83f9176b320\",\"name\":\"JAAR\",\"image\":{\"@type\":\"ImageObject\",\"inLanguage\":\"en-GB\",\"@id\":\"https:\\\/\\\/secure.gravatar.com\\\/avatar\\\/b03f9f8bf72f13fbde99d3755dc9bb3d9851f9de98636eac9d29d8922a8124c7?s=96&d=mm&r=g\",\"url\":\"https:\\\/\\\/secure.gravatar.com\\\/avatar\\\/b03f9f8bf72f13fbde99d3755dc9bb3d9851f9de98636eac9d29d8922a8124c7?s=96&d=mm&r=g\",\"contentUrl\":\"https:\\\/\\\/secure.gravatar.com\\\/avatar\\\/b03f9f8bf72f13fbde99d3755dc9bb3d9851f9de98636eac9d29d8922a8124c7?s=96&d=mm&r=g\",\"caption\":\"JAAR\"},\"url\":\"http:\\\/\\\/www.e-imusica.com\\\/en\\\/author\\\/jaar\\\/\"}]}<\/script>\n<!-- \/ Yoast SEO plugin. -->","yoast_head_json":{"title":"Le Po\u00e8me Harmonique &amp; Vincent Dumestre encandilan al p\u00fablico ovetense con \"Coronis\" - imusica","robots":{"index":"index","follow":"follow","max-snippet":"max-snippet:-1","max-image-preview":"max-image-preview:large","max-video-preview":"max-video-preview:-1"},"canonical":"http:\/\/www.e-imusica.com\/en\/le-poeme-harmonique-vincent-dumestre-encandilan-al-publico-ovetense-con-coronis\/","og_locale":"en_GB","og_type":"article","og_title":"Le Po\u00e8me Harmonique &amp; Vincent Dumestre encandilan al p\u00fablico ovetense con \"Coronis\" - imusica","og_description":"\u00a9Alfonso Sua\u0301rez (Campoamor)\u2018Coronis\u2019, una iniciativa redonda y un espect\u00e1culo may\u00fasculo [...] estamos de enhorabuena: hemos asistido a la \u00fanica representaci\u00f3n esc\u00e9nica que se ha realizado en nuestro pa\u00eds de Coronis, [...][...] Lo m\u00e1s destacable de la propuesta que se ofreci\u00f3 en el Teatro Campoamor es la visi\u00f3n unitaria de m\u00fasica y escena: la interrelaci\u00f3n y [&hellip;]","og_url":"http:\/\/www.e-imusica.com\/en\/le-poeme-harmonique-vincent-dumestre-encandilan-al-publico-ovetense-con-coronis\/","og_site_name":"imusica","article_published_time":"2024-04-26T12:50:37+00:00","article_modified_time":"2024-04-26T12:54:20+00:00","og_image":[{"width":1200,"height":706,"url":"http:\/\/www.e-imusica.com\/wp-content\/uploads\/2024\/04\/Coronis-Le-Poeme-Harmonique.jpg","type":"image\/jpeg"}],"author":"JAAR","twitter_card":"summary_large_image","twitter_misc":{"Written by":"JAAR","Estimated reading time":"1 minute"},"schema":{"@context":"https:\/\/schema.org","@graph":[{"@type":"Article","@id":"http:\/\/www.e-imusica.com\/le-poeme-harmonique-vincent-dumestre-encandilan-al-publico-ovetense-con-coronis\/#article","isPartOf":{"@id":"http:\/\/www.e-imusica.com\/le-poeme-harmonique-vincent-dumestre-encandilan-al-publico-ovetense-con-coronis\/"},"author":{"name":"JAAR","@id":"http:\/\/www.e-imusica.com\/#\/schema\/person\/5b5e72bc2b3ab9d66927f83f9176b320"},"headline":"Le Po\u00e8me Harmonique &amp; Vincent Dumestre encandilan al p\u00fablico ovetense con \u00abCoronis\u00bb","datePublished":"2024-04-26T12:50:37+00:00","dateModified":"2024-04-26T12:54:20+00:00","mainEntityOfPage":{"@id":"http:\/\/www.e-imusica.com\/le-poeme-harmonique-vincent-dumestre-encandilan-al-publico-ovetense-con-coronis\/"},"wordCount":1282,"image":{"@id":"http:\/\/www.e-imusica.com\/le-poeme-harmonique-vincent-dumestre-encandilan-al-publico-ovetense-con-coronis\/#primaryimage"},"thumbnailUrl":"http:\/\/www.e-imusica.com\/wp-content\/uploads\/2024\/04\/Coronis-Le-Poeme-Harmonique.jpg","articleSection":["Uncategorized"],"inLanguage":"en-GB"},{"@type":"WebPage","@id":"http:\/\/www.e-imusica.com\/le-poeme-harmonique-vincent-dumestre-encandilan-al-publico-ovetense-con-coronis\/","url":"http:\/\/www.e-imusica.com\/le-poeme-harmonique-vincent-dumestre-encandilan-al-publico-ovetense-con-coronis\/","name":"Le Po\u00e8me Harmonique &amp; Vincent Dumestre encandilan al p\u00fablico ovetense con \"Coronis\" - imusica","isPartOf":{"@id":"http:\/\/www.e-imusica.com\/#website"},"primaryImageOfPage":{"@id":"http:\/\/www.e-imusica.com\/le-poeme-harmonique-vincent-dumestre-encandilan-al-publico-ovetense-con-coronis\/#primaryimage"},"image":{"@id":"http:\/\/www.e-imusica.com\/le-poeme-harmonique-vincent-dumestre-encandilan-al-publico-ovetense-con-coronis\/#primaryimage"},"thumbnailUrl":"http:\/\/www.e-imusica.com\/wp-content\/uploads\/2024\/04\/Coronis-Le-Poeme-Harmonique.jpg","datePublished":"2024-04-26T12:50:37+00:00","dateModified":"2024-04-26T12:54:20+00:00","author":{"@id":"http:\/\/www.e-imusica.com\/#\/schema\/person\/5b5e72bc2b3ab9d66927f83f9176b320"},"breadcrumb":{"@id":"http:\/\/www.e-imusica.com\/le-poeme-harmonique-vincent-dumestre-encandilan-al-publico-ovetense-con-coronis\/#breadcrumb"},"inLanguage":"en-GB","potentialAction":[{"@type":"ReadAction","target":["http:\/\/www.e-imusica.com\/le-poeme-harmonique-vincent-dumestre-encandilan-al-publico-ovetense-con-coronis\/"]}]},{"@type":"ImageObject","inLanguage":"en-GB","@id":"http:\/\/www.e-imusica.com\/le-poeme-harmonique-vincent-dumestre-encandilan-al-publico-ovetense-con-coronis\/#primaryimage","url":"http:\/\/www.e-imusica.com\/wp-content\/uploads\/2024\/04\/Coronis-Le-Poeme-Harmonique.jpg","contentUrl":"http:\/\/www.e-imusica.com\/wp-content\/uploads\/2024\/04\/Coronis-Le-Poeme-Harmonique.jpg","width":1200,"height":706,"caption":"OLYMPUS DIGITAL CAMERA"},{"@type":"BreadcrumbList","@id":"http:\/\/www.e-imusica.com\/le-poeme-harmonique-vincent-dumestre-encandilan-al-publico-ovetense-con-coronis\/#breadcrumb","itemListElement":[{"@type":"ListItem","position":1,"name":"Portada","item":"https:\/\/www.e-imusica.com\/"},{"@type":"ListItem","position":2,"name":"Le Po\u00e8me Harmonique &amp; Vincent Dumestre encandilan al p\u00fablico ovetense con \u00abCoronis\u00bb"}]},{"@type":"WebSite","@id":"http:\/\/www.e-imusica.com\/#website","url":"http:\/\/www.e-imusica.com\/","name":"Imusica","description":"Iniciativas Musicales SL","potentialAction":[{"@type":"SearchAction","target":{"@type":"EntryPoint","urlTemplate":"http:\/\/www.e-imusica.com\/?s={search_term_string}"},"query-input":{"@type":"PropertyValueSpecification","valueRequired":true,"valueName":"search_term_string"}}],"inLanguage":"en-GB"},{"@type":"Person","@id":"http:\/\/www.e-imusica.com\/#\/schema\/person\/5b5e72bc2b3ab9d66927f83f9176b320","name":"JAAR","image":{"@type":"ImageObject","inLanguage":"en-GB","@id":"https:\/\/secure.gravatar.com\/avatar\/b03f9f8bf72f13fbde99d3755dc9bb3d9851f9de98636eac9d29d8922a8124c7?s=96&d=mm&r=g","url":"https:\/\/secure.gravatar.com\/avatar\/b03f9f8bf72f13fbde99d3755dc9bb3d9851f9de98636eac9d29d8922a8124c7?s=96&d=mm&r=g","contentUrl":"https:\/\/secure.gravatar.com\/avatar\/b03f9f8bf72f13fbde99d3755dc9bb3d9851f9de98636eac9d29d8922a8124c7?s=96&d=mm&r=g","caption":"JAAR"},"url":"http:\/\/www.e-imusica.com\/en\/author\/jaar\/"}]}},"_links":{"self":[{"href":"http:\/\/www.e-imusica.com\/en\/wp-json\/wp\/v2\/posts\/6044","targetHints":{"allow":["GET"]}}],"collection":[{"href":"http:\/\/www.e-imusica.com\/en\/wp-json\/wp\/v2\/posts"}],"about":[{"href":"http:\/\/www.e-imusica.com\/en\/wp-json\/wp\/v2\/types\/post"}],"author":[{"embeddable":true,"href":"http:\/\/www.e-imusica.com\/en\/wp-json\/wp\/v2\/users\/5"}],"replies":[{"embeddable":true,"href":"http:\/\/www.e-imusica.com\/en\/wp-json\/wp\/v2\/comments?post=6044"}],"version-history":[{"count":5,"href":"http:\/\/www.e-imusica.com\/en\/wp-json\/wp\/v2\/posts\/6044\/revisions"}],"predecessor-version":[{"id":6051,"href":"http:\/\/www.e-imusica.com\/en\/wp-json\/wp\/v2\/posts\/6044\/revisions\/6051"}],"wp:featuredmedia":[{"embeddable":true,"href":"http:\/\/www.e-imusica.com\/en\/wp-json\/wp\/v2\/media\/6047"}],"wp:attachment":[{"href":"http:\/\/www.e-imusica.com\/en\/wp-json\/wp\/v2\/media?parent=6044"}],"wp:term":[{"taxonomy":"category","embeddable":true,"href":"http:\/\/www.e-imusica.com\/en\/wp-json\/wp\/v2\/categories?post=6044"},{"taxonomy":"post_tag","embeddable":true,"href":"http:\/\/www.e-imusica.com\/en\/wp-json\/wp\/v2\/tags?post=6044"}],"curies":[{"name":"wp","href":"https:\/\/api.w.org\/{rel}","templated":true}]}}